{"id":16600,"date":"2025-09-30T18:32:05","date_gmt":"2025-09-30T17:32:05","guid":{"rendered":"https:\/\/algeriepresse.dz\/?p=16600"},"modified":"2025-09-30T18:32:05","modified_gmt":"2025-09-30T17:32:05","slug":"palestine-sahara-occidental-libye-les-gros-titres-de-attaf","status":"publish","type":"post","link":"http:\/\/algeriepresse.dz\/?p=16600","title":{"rendered":"Palestine, Sahara occidental, Libye\u2026 :  Les gros titres de Attaf"},"content":{"rendered":"<p>Le ministre d\u2019\u00c9tat, ministre des Affaires \u00e9trang\u00e8res, de la Communaut\u00e9 nationale \u00e0 l\u2019\u00e9tranger et des Affaires africaines, Ahmed Attaf, a r\u00e9affirm\u00e9 lundi, devant l\u2019Assembl\u00e9e g\u00e9n\u00e9rale des Nations unies, l\u2019appel du pr\u00e9sident Abdelmadjid Tebboune en faveur de l\u2019adh\u00e9sion pleine et enti\u00e8re de la Palestine \u00e0 l\u2019ONU. Il a soulign\u00e9 que l\u2019\u00e9tablissement d\u2019un \u00c9tat palestinien \u00ab n\u2019est pas un choix, mais un imp\u00e9ratif absolu pour la s\u00e9curit\u00e9 et la stabilit\u00e9 au Moyen-Orient \u00bb.<\/p>\n<p>Dans son intervention, M. Attaf a salu\u00e9 l\u2019\u00e9lan diplomatique en faveur de la reconnaissance de la Palestine, rappelant que ce droit est \u00ab l\u00e9gitime, enracin\u00e9 et incontournable \u00bb. Il a mis en garde contre \u00ab le plus grand danger de l\u2019histoire \u00bb auquel fait face la cause palestinienne : l\u2019annexion des terres, le d\u00e9placement forc\u00e9 du peuple et la remise en cause de la solution \u00e0 deux \u00c9tats, au profit d\u2019un projet expansionniste isra\u00e9lien visant \u00e0 instaurer le \u00ab Grand Isra\u00ebl \u00bb.<br \/>\nL\u2019Alg\u00e9rie, a-t-il assur\u00e9, suit de pr\u00e8s les n\u00e9gociations men\u00e9es sous l\u2019\u00e9gide des \u00c9tats-Unis pour mettre fin aux trag\u00e9dies \u00e0 Ghaza. Elle encourage ces efforts, esp\u00e9rant qu\u2019ils permettront d\u2019aboutir \u00e0 une prise en charge \u00ab r\u00e9elle des racines du conflit isra\u00e9lo-palestinien \u00bb.<br \/>\nAbordant la question du Sahara occidental, M. Attaf a r\u00e9affirm\u00e9 que ce dossier demeure une affaire de d\u00e9colonisation et que \u00ab le fait accompli impos\u00e9 dans ces territoires reste une occupation aux yeux du droit international \u00bb. Il a rappel\u00e9 que le peuple sahraoui conserve son droit imprescriptible \u00e0 l\u2019autod\u00e9termination et que toute solution doit reposer sur cinq principes : parrainage exclusif de l\u2019ONU, n\u00e9gociations directes entre le Maroc et le Front Polisario, \u00e9laboration conjointe de la solution, conformit\u00e9 avec la doctrine onusienne et organisation d\u2019un r\u00e9f\u00e9rendum d\u2019autod\u00e9termination.<br \/>\n\u00c9voquant la crise libyenne, le chef de la diplomatie a d\u00e9plor\u00e9 l\u2019absence de perspectives de r\u00e8glement apr\u00e8s quatorze ann\u00e9es de divisions aliment\u00e9es par des ing\u00e9rences \u00e9trang\u00e8res. \u00ab Si les choses \u00e9taient seulement entre les mains des Libyens, ils auraient d\u00e9j\u00e0 trouv\u00e9 la voie de la r\u00e9conciliation \u00bb, a-t-il affirm\u00e9, appelant \u00e0 un retrait des influences ext\u00e9rieures pour permettre au peuple libyen de se r\u00e9unifier et d\u2019organiser des \u00e9lections pr\u00e9sidentielles et l\u00e9gislatives.<br \/>\nM. Attaf a \u00e9galement insist\u00e9 sur l\u2019engagement de l\u2019Alg\u00e9rie dans l\u2019action africaine commune, dans un contexte marqu\u00e9 par la multiplication des crises et par l\u2019expansion du terrorisme. Il a plaid\u00e9 pour une meilleure int\u00e9gration \u00e9conomique \u00e0 travers la Zone de libre-\u00e9change continentale africaine (ZLECAf), et d\u00e9nonc\u00e9 la marginalisation de l\u2019Afrique dans les grandes institutions internationales.<br \/>\nIl a par ailleurs exprim\u00e9 son inqui\u00e9tude face aux restrictions budg\u00e9taires affectant les op\u00e9rations de maintien de la paix en Afrique, estimant que leur affaiblissement \u00ab menace les fondements de la s\u00e9curit\u00e9 collective \u00bb.<br \/>\nEnfin, au sujet de l\u2019espace euro-m\u00e9diterran\u00e9en, le ministre a r\u00e9affirm\u00e9 le r\u00f4le de l\u2019Alg\u00e9rie comme partenaire \u00ab constructif et fiable \u00bb, appelant \u00e0 d\u00e9passer les approches fragment\u00e9es pour b\u00e2tir un \u00ab nouveau Pacte pour la M\u00e9diterran\u00e9e \u00bb, fond\u00e9 sur un partenariat \u00e9quilibr\u00e9, le transfert de technologies et l\u2019ouverture de r\u00e9elles perspectives de prosp\u00e9rit\u00e9 partag\u00e9e.<br \/>\n<strong>M. Salah<\/strong><\/p>\n","protected":false},"excerpt":{"rendered":"<p>Le ministre d\u2019\u00c9tat, ministre des Affaires \u00e9trang\u00e8res, de la Communaut\u00e9 nationale \u00e0 l\u2019\u00e9tranger et des Affaires africaines, Ahmed Attaf, a r\u00e9affirm\u00e9 lundi, devant l\u2019Assembl\u00e9e g\u00e9n\u00e9rale des Nations unies, l\u2019appel du pr\u00e9sident Abdelmadjid Tebboune en faveur de l\u2019adh\u00e9sion pleine et enti\u00e8re de la Palestine \u00e0 l\u2019ONU. Il a soulign\u00e9 que l\u2019\u00e9tablissement d\u2019un \u00c9tat palestinien \u00ab n\u2019est &hellip;<\/p>\n","protected":false},"author":2,"featured_media":16601,"comment_status":"closed","ping_status":"closed","sticky":false,"template":"","format":"standard","meta":{"footnotes":""},"categories":[4,5],"tags":[],"class_list":["post-16600","post","type-post","status-publish","format-standard","has-post-thumbnail","hentry","category-a-la-une","category-actualites"],"_links":{"self":[{"href":"http:\/\/algeriepresse.dz\/index.php?rest_route=\/wp\/v2\/posts\/16600","targetHints":{"allow":["GET"]}}],"collection":[{"href":"http:\/\/algeriepresse.dz\/index.php?rest_route=\/wp\/v2\/posts"}],"about":[{"href":"http:\/\/algeriepresse.dz\/index.php?rest_route=\/wp\/v2\/types\/post"}],"author":[{"embeddable":true,"href":"http:\/\/algeriepresse.dz\/index.php?rest_route=\/wp\/v2\/users\/2"}],"replies":[{"embeddable":true,"href":"http:\/\/algeriepresse.dz\/index.php?rest_route=%2Fwp%2Fv2%2Fcomments&post=16600"}],"version-history":[{"count":1,"href":"http:\/\/algeriepresse.dz\/index.php?rest_route=\/wp\/v2\/posts\/16600\/revisions"}],"predecessor-version":[{"id":16602,"href":"http:\/\/algeriepresse.dz\/index.php?rest_route=\/wp\/v2\/posts\/16600\/revisions\/16602"}],"wp:featuredmedia":[{"embeddable":true,"href":"http:\/\/algeriepresse.dz\/index.php?rest_route=\/wp\/v2\/media\/16601"}],"wp:attachment":[{"href":"http:\/\/algeriepresse.dz\/index.php?rest_route=%2Fwp%2Fv2%2Fmedia&parent=16600"}],"wp:term":[{"taxonomy":"category","embeddable":true,"href":"http:\/\/algeriepresse.dz\/index.php?rest_route=%2Fwp%2Fv2%2Fcategories&post=16600"},{"taxonomy":"post_tag","embeddable":true,"href":"http:\/\/algeriepresse.dz\/index.php?rest_route=%2Fwp%2Fv2%2Ftags&post=16600"}],"curies":[{"name":"wp","href":"https:\/\/api.w.org\/{rel}","templated":true}]}}