{"id":16609,"date":"2025-10-01T18:05:26","date_gmt":"2025-10-01T17:05:26","guid":{"rendered":"https:\/\/algeriepresse.dz\/?p=16609"},"modified":"2025-10-01T18:05:26","modified_gmt":"2025-10-01T17:05:26","slug":"fin-des-vacances-le-littoral-face-au-defi-environnemental","status":"publish","type":"post","link":"http:\/\/algeriepresse.dz\/?p=16609","title":{"rendered":"Fin des vacances : Le littoral face au d\u00e9fi environnemental"},"content":{"rendered":"<p>\u00c0 Oran, la fin du mois de septembre marque la cl\u00f4ture d\u2019une saison estivale anim\u00e9e. Les plages de la corniche, de Bousfer, d\u2019A\u00efn El T\u00fcrck ou encore des Andalouses ont accueilli des centaines de milliers de vacanciers venus profiter du littoral. Mais avec le d\u00e9part des estivants, le constat reste le m\u00eame : la question de la propret\u00e9 et de la pr\u00e9servation de l\u2019environnement demeure un d\u00e9fi.<br \/>\nSelon la direction locale de l\u2019Environnement, les op\u00e9rations de nettoyage men\u00e9es durant l\u2019\u00e9t\u00e9 ont permis de collecter environ 11 tonnes d\u2019algues marines et pr\u00e8s de 3 tonnes de d\u00e9chets divers sur quatre plages de la wilaya. Ces actions ont \u00e9t\u00e9 r\u00e9alis\u00e9es avec la contribution d\u2019associations et de b\u00e9n\u00e9voles. Les d\u00e9chets les plus fr\u00e9quents restent les bouteilles plastiques et les emballages alimentaires, confirmant la tendance relev\u00e9e par l\u2019Agence nationale des d\u00e9chets, qui rappelle que le plastique repr\u00e9sente l\u2019\u00e9crasante majorit\u00e9 des d\u00e9tritus marins collect\u00e9s en Alg\u00e9rie.<br \/>\nPour r\u00e9pondre \u00e0 cette probl\u00e9matique, un projet pilote de tri s\u00e9lectif a \u00e9t\u00e9 lanc\u00e9 dans huit communes d\u2019Oran : Marsa El-Hadjadj, Mers El-Kebir, A\u00efn El T\u00fcrck, Bir El-Djir, Oran, Es-S\u00e9nia, A\u00efn El Kerma et Bousfer. Ces collectivit\u00e9s recevront 1 700 bacs sp\u00e9cifiques, pour un investissement global estim\u00e9 \u00e0 50 millions de dinars. La ministre de l\u2019Environnement, lors de sa visite \u00e0 Oran en juin, a insist\u00e9 sur l\u2019importance de cette initiative pour r\u00e9duire la pollution li\u00e9e \u00e0 l\u2019incivisme.<br \/>\nLe tourisme baln\u00e9aire demeure pour sa part un pilier \u00e9conomique de la r\u00e9gion. La wilaya d\u2019Oran dispose aujourd\u2019hui de 202 \u00e9tablissements h\u00f4teliers, repr\u00e9sentant une capacit\u00e9 d\u2019accueil de plus de 20 000 lits. \u00c0 cela s\u2019ajoutent 106 projets en cours de r\u00e9alisation, preuve d\u2019un secteur en expansion. Selon la direction du Tourisme, ce secteur g\u00e9n\u00e8re d\u00e9j\u00e0 plus de 19 000 emplois directs.<br \/>\nLes agents communaux reconnaissent la difficult\u00e9. \u00ab Nous avons ramass\u00e9 des tonnes de d\u00e9chets en quelques jours seulement \u00bb, explique un employ\u00e9 rencontr\u00e9 sur la plage de A\u00efn El Turk. \u00ab Chaque fin de saison, c\u2019est le m\u00eame probl\u00e8me. Le sable devient une d\u00e9charge \u00e0 ciel ouvert, et nous devons rattraper en urgence ce que trois mois de fr\u00e9quentation ont laiss\u00e9 derri\u00e8re. \u00bb<br \/>\nComme l\u2019a rapport\u00e9 Alg\u00e9rie Presse, un Oranais rencontr\u00e9 \u00e0 A\u00efn El Turck regrette \u00ab qu\u2019apr\u00e8s le d\u00e9part des vacanciers, il ne reste que des d\u00e9chets. \u00bb<br \/>\nMalgr\u00e9 ces acquis, certaines difficult\u00e9s persistent. Les contr\u00f4les men\u00e9s pendant l\u2019\u00e9t\u00e9 ont mis en \u00e9vidence l\u2019occupation ill\u00e9gale de plages par des exploitants installant chaises et parasols sans autorisation, en particulier aux Andalouses et aux Dunes. Ces pratiques restreignent la libert\u00e9 d\u2019acc\u00e8s des familles et nourrissent le d\u00e9bat r\u00e9current sur la gestion du littoral.<br \/>\nEn ce d\u00e9but d\u2019automne, les plages oranaises retrouvent leur calme, mais les traces de la saison demeurent : d\u00e9chets r\u00e9siduels, infrastructures sollicit\u00e9es et pression environnementale accrue. Entre attractivit\u00e9 touristique et n\u00e9cessit\u00e9 de prot\u00e9ger un patrimoine naturel fragile, le d\u00e9fi reste entier pour Oran : concilier d\u00e9veloppement baln\u00e9aire et durabilit\u00e9.<br \/>\n<strong>O.A Nadir<\/strong><\/p>\n","protected":false},"excerpt":{"rendered":"<p>\u00c0 Oran, la fin du mois de septembre marque la cl\u00f4ture d\u2019une saison estivale anim\u00e9e. Les plages de la corniche, de Bousfer, d\u2019A\u00efn El T\u00fcrck ou encore des Andalouses ont accueilli des centaines de milliers de vacanciers venus profiter du littoral. Mais avec le d\u00e9part des estivants, le constat reste le m\u00eame : la question &hellip;<\/p>\n","protected":false},"author":2,"featured_media":6404,"comment_status":"closed","ping_status":"closed","sticky":false,"template":"","format":"standard","meta":{"footnotes":""},"categories":[4,6],"tags":[],"class_list":["post-16609","post","type-post","status-publish","format-standard","has-post-thumbnail","hentry","category-a-la-une","category-oran"],"_links":{"self":[{"href":"http:\/\/algeriepresse.dz\/index.php?rest_route=\/wp\/v2\/posts\/16609","targetHints":{"allow":["GET"]}}],"collection":[{"href":"http:\/\/algeriepresse.dz\/index.php?rest_route=\/wp\/v2\/posts"}],"about":[{"href":"http:\/\/algeriepresse.dz\/index.php?rest_route=\/wp\/v2\/types\/post"}],"author":[{"embeddable":true,"href":"http:\/\/algeriepresse.dz\/index.php?rest_route=\/wp\/v2\/users\/2"}],"replies":[{"embeddable":true,"href":"http:\/\/algeriepresse.dz\/index.php?rest_route=%2Fwp%2Fv2%2Fcomments&post=16609"}],"version-history":[{"count":1,"href":"http:\/\/algeriepresse.dz\/index.php?rest_route=\/wp\/v2\/posts\/16609\/revisions"}],"predecessor-version":[{"id":16610,"href":"http:\/\/algeriepresse.dz\/index.php?rest_route=\/wp\/v2\/posts\/16609\/revisions\/16610"}],"wp:featuredmedia":[{"embeddable":true,"href":"http:\/\/algeriepresse.dz\/index.php?rest_route=\/wp\/v2\/media\/6404"}],"wp:attachment":[{"href":"http:\/\/algeriepresse.dz\/index.php?rest_route=%2Fwp%2Fv2%2Fmedia&parent=16609"}],"wp:term":[{"taxonomy":"category","embeddable":true,"href":"http:\/\/algeriepresse.dz\/index.php?rest_route=%2Fwp%2Fv2%2Fcategories&post=16609"},{"taxonomy":"post_tag","embeddable":true,"href":"http:\/\/algeriepresse.dz\/index.php?rest_route=%2Fwp%2Fv2%2Ftags&post=16609"}],"curies":[{"name":"wp","href":"https:\/\/api.w.org\/{rel}","templated":true}]}}