{"id":19585,"date":"2026-02-16T18:49:00","date_gmt":"2026-02-16T17:49:00","guid":{"rendered":"https:\/\/algeriepresse.dz\/?p=19585"},"modified":"2026-02-16T18:49:00","modified_gmt":"2026-02-16T17:49:00","slug":"saison-estivale-2026-les-tables-et-solariums-gratuits-sur-les-plages","status":"publish","type":"post","link":"http:\/\/algeriepresse.dz\/?p=19585","title":{"rendered":"Saison estivale 2026 : Les tables et solariums gratuits sur les plages"},"content":{"rendered":"<p>Une mesure in\u00e9dite marquera la saison estivale 2026 \u00e0 Oran. Pour la premi\u00e8re fois, des tables, chaises et solariums devraient \u00eatre mis gratuitement \u00e0 la disposition des estivants sur les plages de la wilaya, dans le cadre d\u2019une initiative lanc\u00e9e par le wali visant \u00e0 consacrer concr\u00e8tement le principe de la gratuit\u00e9 des plages. Cette annonce a \u00e9t\u00e9 faite \u00e0 l\u2019issue d\u2019une rencontre pr\u00e9sid\u00e9e dimanche par le wali d\u2019Oran, avec un groupe d\u2019industriels et d\u2019op\u00e9rateurs \u00e9conomiques au si\u00e8ge de la wilaya. La nouveaut\u00e9 r\u00e9side dans l\u2019implication directe des op\u00e9rateurs \u00e9conomiques locaux dans l\u2019am\u00e9nagement des plages.<br \/>\nConcr\u00e8tement, des industriels volontaires fourniront des tables, chaises et solariums portant leurs marques commerciales. En contrepartie de cette visibilit\u00e9, les \u00e9quipements seront mis gratuitement \u00e0 la disposition des citoyens, sans aucune contrepartie financi\u00e8re. Il s\u2019agit d\u2019une formule innovante qui allie promotion \u00e9conomique et dimension sociale. D\u2019un c\u00f4t\u00e9, les entreprises b\u00e9n\u00e9ficient d\u2019un espace d\u2019exposition \u00e0 forte fr\u00e9quentation durant toute la saison estivale. De l\u2019autre, les estivants profitent d\u2019\u00e9quipements confortables sans avoir \u00e0 payer de location.<br \/>\nPour garantir la r\u00e9ussite de cette op\u00e9ration, une cellule regroupant les secteurs de l\u2019industrie, du commerce et du tourisme sera mise en place. Elle sera charg\u00e9e d\u2019assurer la coordination avec les industriels engag\u00e9s dans cette d\u00e9marche et de veiller au respect du principe de gratuit\u00e9. Le wali a soulign\u00e9 que cette initiative s\u2019inscrit dans une s\u00e9rie de mesures anticipatives destin\u00e9es \u00e0 am\u00e9liorer les conditions d\u2019accueil des estivants et \u00e0 pr\u00e9server le caract\u00e8re public des plages.<br \/>\nLa rencontre a \u00e9galement permis aux investisseurs de pr\u00e9senter leurs pr\u00e9occupations et d\u2019\u00e9changer avec les responsables locaux sur les perspectives de d\u00e9veloppement \u00e9conomique et touristique de la wilaya.<br \/>\nF.A<\/p>\n","protected":false},"excerpt":{"rendered":"<p>Une mesure in\u00e9dite marquera la saison estivale 2026 \u00e0 Oran. Pour la premi\u00e8re fois, des tables, chaises et solariums devraient \u00eatre mis gratuitement \u00e0 la disposition des estivants sur les plages de la wilaya, dans le cadre d\u2019une initiative lanc\u00e9e par le wali visant \u00e0 consacrer concr\u00e8tement le principe de la gratuit\u00e9 des plages. Cette &hellip;<\/p>\n","protected":false},"author":2,"featured_media":1480,"comment_status":"closed","ping_status":"closed","sticky":false,"template":"","format":"standard","meta":{"footnotes":""},"categories":[4,6],"tags":[],"class_list":["post-19585","post","type-post","status-publish","format-standard","has-post-thumbnail","hentry","category-a-la-une","category-oran"],"_links":{"self":[{"href":"http:\/\/algeriepresse.dz\/index.php?rest_route=\/wp\/v2\/posts\/19585","targetHints":{"allow":["GET"]}}],"collection":[{"href":"http:\/\/algeriepresse.dz\/index.php?rest_route=\/wp\/v2\/posts"}],"about":[{"href":"http:\/\/algeriepresse.dz\/index.php?rest_route=\/wp\/v2\/types\/post"}],"author":[{"embeddable":true,"href":"http:\/\/algeriepresse.dz\/index.php?rest_route=\/wp\/v2\/users\/2"}],"replies":[{"embeddable":true,"href":"http:\/\/algeriepresse.dz\/index.php?rest_route=%2Fwp%2Fv2%2Fcomments&post=19585"}],"version-history":[{"count":1,"href":"http:\/\/algeriepresse.dz\/index.php?rest_route=\/wp\/v2\/posts\/19585\/revisions"}],"predecessor-version":[{"id":19588,"href":"http:\/\/algeriepresse.dz\/index.php?rest_route=\/wp\/v2\/posts\/19585\/revisions\/19588"}],"wp:featuredmedia":[{"embeddable":true,"href":"http:\/\/algeriepresse.dz\/index.php?rest_route=\/wp\/v2\/media\/1480"}],"wp:attachment":[{"href":"http:\/\/algeriepresse.dz\/index.php?rest_route=%2Fwp%2Fv2%2Fmedia&parent=19585"}],"wp:term":[{"taxonomy":"category","embeddable":true,"href":"http:\/\/algeriepresse.dz\/index.php?rest_route=%2Fwp%2Fv2%2Fcategories&post=19585"},{"taxonomy":"post_tag","embeddable":true,"href":"http:\/\/algeriepresse.dz\/index.php?rest_route=%2Fwp%2Fv2%2Ftags&post=19585"}],"curies":[{"name":"wp","href":"https:\/\/api.w.org\/{rel}","templated":true}]}}