{"id":19822,"date":"2026-02-27T16:55:58","date_gmt":"2026-02-27T15:55:58","guid":{"rendered":"https:\/\/algeriepresse.dz\/?p=19822"},"modified":"2026-02-27T16:55:58","modified_gmt":"2026-02-27T15:55:58","slug":"emigration-clandestine-et-trafic-de-drogue-10-ans-de-reclusion-pour-les-accuses","status":"publish","type":"post","link":"http:\/\/algeriepresse.dz\/?p=19822","title":{"rendered":"Emigration clandestine et trafic de drogue: 10 ans de r\u00e9clusion pour les accus\u00e9s"},"content":{"rendered":"<p>R. Belkheir (34 ans) et Ch. Bachir (37 ans) ont comparu devant le tribunal criminel d\u2019appel de la Cour d\u2019Oran pour appartenance \u00e0 un r\u00e9seau d\u2019\u00e9migration clandestine au sein d\u2019une organisation criminelle, ainsi que d\u00e9tention, importation et commercialisation de psychotropes. \u00c0 l\u2019issue des d\u00e9lib\u00e9rations, les accus\u00e9s ont \u00e9t\u00e9 condamn\u00e9s \u00e0 dix ans de r\u00e9clusion criminelle.<br \/>\nL\u2019affaire a d\u00e9but\u00e9 lorsque les services de s\u00e9curit\u00e9 ont \u00e9t\u00e9 inform\u00e9s de l\u2019existence d\u2019un groupe d\u2019organisateurs de \u00ab harga \u00bb qui profitait de ces travers\u00e9es clandestines pour importer des substances psychotropes. D\u00e9j\u00e0 cit\u00e9s dans des dossiers similaires, les deux mis en cause avaient \u00e9t\u00e9 plac\u00e9s sous surveillance. Le 18 septembre 2023, ils ont \u00e9t\u00e9 appr\u00e9hend\u00e9s apr\u00e8s avoir \u00e9t\u00e9 secourus en haute mer, au large des c\u00f4tes oranaises, par un m\u00e9thanier battant pavillon des Comores. Une fois remis aux autorit\u00e9s alg\u00e9riennes, leur identification a confirm\u00e9 leur implication dans l&rsquo;enqu\u00eate en cours.<br \/>\nLors des interrogatoires, les pr\u00e9venus ont affirm\u00e9 avoir \u00e9migr\u00e9 clandestinement en Espagne plus d\u2019un an auparavant. Faute de travail, ils auraient d\u00e9cid\u00e9 de regagner l&rsquo;Alg\u00e9rie par leurs propres moyens. Selon leur version, ils auraient vol\u00e9 une embarcation de plaisance \u00e0 Almer\u00eda apr\u00e8s en avoir surveill\u00e9 les mouvements, dans l&rsquo;unique but de rentrer \u00e0 Oran.<br \/>\n\u00c0 la barre du tribunal criminel d&rsquo;appel, les accus\u00e9s ont persist\u00e9 dans leurs d\u00e9n\u00e9gations, limitant leur responsabilit\u00e9 \u00e0 leur simple volont\u00e9 de retour au pays. Cependant, les interrogations pr\u00e9cises du pr\u00e9sident de l&rsquo;audience ont r\u00e9v\u00e9l\u00e9 de nombreuses contradictions, notamment sur leurs comp\u00e9tences techniques pour naviguer seuls \u00e0 bord d&rsquo;un tel navire.<br \/>\nLe repr\u00e9sentant du minist\u00e8re public, soulignant la gravit\u00e9 des faits, avait requis 20 ans de r\u00e9clusion. De son c\u00f4t\u00e9, la d\u00e9fense a plaid\u00e9 la non-culpabilit\u00e9, soutenant que l&rsquo;accusation reposait sur des renseignements sans preuves tangibles.<br \/>\nZemmouri L.<\/p>\n","protected":false},"excerpt":{"rendered":"<p>R. Belkheir (34 ans) et Ch. Bachir (37 ans) ont comparu devant le tribunal criminel d\u2019appel de la Cour d\u2019Oran pour appartenance \u00e0 un r\u00e9seau d\u2019\u00e9migration clandestine au sein d\u2019une organisation criminelle, ainsi que d\u00e9tention, importation et commercialisation de psychotropes. \u00c0 l\u2019issue des d\u00e9lib\u00e9rations, les accus\u00e9s ont \u00e9t\u00e9 condamn\u00e9s \u00e0 dix ans de r\u00e9clusion criminelle. &hellip;<\/p>\n","protected":false},"author":2,"featured_media":0,"comment_status":"closed","ping_status":"closed","sticky":false,"template":"","format":"standard","meta":{"footnotes":""},"categories":[4,6],"tags":[],"class_list":["post-19822","post","type-post","status-publish","format-standard","hentry","category-a-la-une","category-oran"],"_links":{"self":[{"href":"http:\/\/algeriepresse.dz\/index.php?rest_route=\/wp\/v2\/posts\/19822","targetHints":{"allow":["GET"]}}],"collection":[{"href":"http:\/\/algeriepresse.dz\/index.php?rest_route=\/wp\/v2\/posts"}],"about":[{"href":"http:\/\/algeriepresse.dz\/index.php?rest_route=\/wp\/v2\/types\/post"}],"author":[{"embeddable":true,"href":"http:\/\/algeriepresse.dz\/index.php?rest_route=\/wp\/v2\/users\/2"}],"replies":[{"embeddable":true,"href":"http:\/\/algeriepresse.dz\/index.php?rest_route=%2Fwp%2Fv2%2Fcomments&post=19822"}],"version-history":[{"count":1,"href":"http:\/\/algeriepresse.dz\/index.php?rest_route=\/wp\/v2\/posts\/19822\/revisions"}],"predecessor-version":[{"id":19826,"href":"http:\/\/algeriepresse.dz\/index.php?rest_route=\/wp\/v2\/posts\/19822\/revisions\/19826"}],"wp:attachment":[{"href":"http:\/\/algeriepresse.dz\/index.php?rest_route=%2Fwp%2Fv2%2Fmedia&parent=19822"}],"wp:term":[{"taxonomy":"category","embeddable":true,"href":"http:\/\/algeriepresse.dz\/index.php?rest_route=%2Fwp%2Fv2%2Fcategories&post=19822"},{"taxonomy":"post_tag","embeddable":true,"href":"http:\/\/algeriepresse.dz\/index.php?rest_route=%2Fwp%2Fv2%2Ftags&post=19822"}],"curies":[{"name":"wp","href":"https:\/\/api.w.org\/{rel}","templated":true}]}}