{"id":19897,"date":"2026-03-01T17:41:51","date_gmt":"2026-03-01T16:41:51","guid":{"rendered":"https:\/\/algeriepresse.dz\/?p=19897"},"modified":"2026-03-01T17:41:51","modified_gmt":"2026-03-01T16:41:51","slug":"menace-acridienne-le-plan-daction-actualise","status":"publish","type":"post","link":"http:\/\/algeriepresse.dz\/?p=19897","title":{"rendered":"Menace acridienne :  Le plan d\u2019action actualis\u00e9"},"content":{"rendered":"<p>En application des instructions du pr\u00e9sident de la R\u00e9publique, Abdelmadjid Tebboune, le Premier ministre Sifi Ghrieb a pr\u00e9sid\u00e9 samedi une r\u00e9union interminist\u00e9rielle consacr\u00e9e \u00e0 l\u2019\u00e9valuation du plan d\u2019action proactif mis en place pour contenir la propagation du criquet p\u00e8lerin dans certaines wilayas du sud-ouest.<br \/>\nLes walis concern\u00e9s ont pris part \u00e0 cette rencontre par visioconf\u00e9rence, dans le cadre d\u2019un suivi permanent de l\u2019\u00e9volution de la situation.<br \/>\nLa r\u00e9union s\u2019est appuy\u00e9e sur les mises \u00e0 jour de la FAO et sur l\u2019exploitation des capacit\u00e9s nationales en mati\u00e8re d\u2019imagerie satellitaire. Les expos\u00e9s ont mis en \u00e9vidence l\u2019\u00e9tat de pr\u00e9paration des dispositifs de terrain, d\u00e9j\u00e0 \u00e9prouv\u00e9s avec succ\u00e8s l\u2019an pass\u00e9. Les wilayas frontali\u00e8res du sud, premi\u00e8re ligne de d\u00e9fense, b\u00e9n\u00e9ficient d\u2019un renforcement des moyens de surveillance et d\u2019intervention terrestre et a\u00e9rienne, notamment ceux relevant du minist\u00e8re de la D\u00e9fense nationale.<br \/>\nEn mars 2025, sous la direction de l\u2019ancien Premier ministre Nadir Larbaoui, le gouvernement avait d\u00e9j\u00e0 \u00e9tudi\u00e9 la menace acridienne et adopt\u00e9 des mesures pour renforcer la pr\u00e9vention. Le secr\u00e9taire g\u00e9n\u00e9ral du minist\u00e8re de l\u2019Agriculture, Hamid Bensa\u00e2d, avait alors d\u00e9taill\u00e9 une strat\u00e9gie nationale solide, reposant sur la mobilisation de comit\u00e9s nationaux et locaux, ainsi que sur une coordination r\u00e9gionale avec la Libye, le Niger et le Mali.<br \/>\nCette strat\u00e9gie avait permis de traiter avec succ\u00e8s plus de 50 000 hectares infest\u00e9s, gr\u00e2ce \u00e0 des \u00e9quipes sp\u00e9cialis\u00e9es et \u00e0 l\u2019utilisation de h\u00e9licopt\u00e8res \u00e9quip\u00e9s de syst\u00e8mes de pulv\u00e9risation modernes. Huit appareils \u00e9taient op\u00e9rationnels pour intervenir rapidement dans les zones recul\u00e9es. Une r\u00e9union de coordination avait \u00e9galement \u00e9t\u00e9 programm\u00e9e \u00e0 Ouargla, avec la participation de 23 wilayas et de minist\u00e8res strat\u00e9giques (D\u00e9fense, Int\u00e9rieur, \u00c9nergie, Transports), afin d\u2019assurer une r\u00e9ponse multisectorielle.<br \/>\nLes autorit\u00e9s avaient rappel\u00e9 que l\u2019Alg\u00e9rie poss\u00e8de une longue exp\u00e9rience dans la gestion des invasions acridiennes. L\u2019\u00e9pisode de 2004, marqu\u00e9 par une forte invasion, avait touch\u00e9 plusieurs pays de la r\u00e9gion (Tunisie, Maroc, S\u00e9n\u00e9gal, Mali, \u00c9gypte) et conduit l\u2019Alg\u00e9rie \u00e0 mettre en place des m\u00e9canismes de r\u00e9ponse efficaces. Toutefois, la situation actuelle est diff\u00e9rente : le changement climatique et l\u2019expansion des surfaces agricoles dans le sud favorisent la prolif\u00e9ration et la migration des essaims.<br \/>\nLes vents du sud, plus fr\u00e9quents et plus intenses, facilitent le d\u00e9placement des criquets vers le nord. D\u2019o\u00f9 l\u2019importance d\u2019une surveillance continue, d\u2019\u00e9tudes environnementales approfondies et de la mobilisation d\u2019\u00e9quipes de recherche sp\u00e9cialis\u00e9es pour anticiper les futures vagues.<br \/>\nLa lutte ne repose pas uniquement sur l\u2019\u00c9tat. Les autorit\u00e9s insistent sur la vigilance des agriculteurs et la sensibilisation communautaire. Des campagnes ont \u00e9t\u00e9 lanc\u00e9es pour aider les exploitants \u00e0 d\u00e9tecter rapidement les signes de pr\u00e9sence de criquets et \u00e0 r\u00e9agir efficacement. Le minist\u00e8re a distribu\u00e9 des insecticides et du mat\u00e9riel de protection dans les zones les plus vuln\u00e9rables. \u00ab La lutte contre le criquet est une responsabilit\u00e9 partag\u00e9e entre l\u2019\u00c9tat et les citoyens \u00bb, avait affirm\u00e9 Hamid Bensa\u00e2d.<br \/>\nLa r\u00e9union pr\u00e9sid\u00e9e par Sifi Ghrieb confirme la volont\u00e9 des pouvoirs publics de maintenir la situation sous contr\u00f4le. Le plan d\u2019action proactif repose sur trois piliers : la r\u00e9action rapide gr\u00e2ce \u00e0 des moyens terrestres et a\u00e9riens adapt\u00e9s ; la coop\u00e9ration r\u00e9gionale pour surveiller les d\u00e9placements des essaims ainsi que la surveillance permanente appuy\u00e9e par la technologie et la recherche scientifique.<br \/>\nG. Salima<\/p>\n","protected":false},"excerpt":{"rendered":"<p>En application des instructions du pr\u00e9sident de la R\u00e9publique, Abdelmadjid Tebboune, le Premier ministre Sifi Ghrieb a pr\u00e9sid\u00e9 samedi une r\u00e9union interminist\u00e9rielle consacr\u00e9e \u00e0 l\u2019\u00e9valuation du plan d\u2019action proactif mis en place pour contenir la propagation du criquet p\u00e8lerin dans certaines wilayas du sud-ouest. Les walis concern\u00e9s ont pris part \u00e0 cette rencontre par visioconf\u00e9rence, &hellip;<\/p>\n","protected":false},"author":2,"featured_media":19901,"comment_status":"closed","ping_status":"closed","sticky":false,"template":"","format":"standard","meta":{"footnotes":""},"categories":[4,5],"tags":[],"class_list":["post-19897","post","type-post","status-publish","format-standard","has-post-thumbnail","hentry","category-a-la-une","category-actualites"],"_links":{"self":[{"href":"http:\/\/algeriepresse.dz\/index.php?rest_route=\/wp\/v2\/posts\/19897","targetHints":{"allow":["GET"]}}],"collection":[{"href":"http:\/\/algeriepresse.dz\/index.php?rest_route=\/wp\/v2\/posts"}],"about":[{"href":"http:\/\/algeriepresse.dz\/index.php?rest_route=\/wp\/v2\/types\/post"}],"author":[{"embeddable":true,"href":"http:\/\/algeriepresse.dz\/index.php?rest_route=\/wp\/v2\/users\/2"}],"replies":[{"embeddable":true,"href":"http:\/\/algeriepresse.dz\/index.php?rest_route=%2Fwp%2Fv2%2Fcomments&post=19897"}],"version-history":[{"count":1,"href":"http:\/\/algeriepresse.dz\/index.php?rest_route=\/wp\/v2\/posts\/19897\/revisions"}],"predecessor-version":[{"id":19902,"href":"http:\/\/algeriepresse.dz\/index.php?rest_route=\/wp\/v2\/posts\/19897\/revisions\/19902"}],"wp:featuredmedia":[{"embeddable":true,"href":"http:\/\/algeriepresse.dz\/index.php?rest_route=\/wp\/v2\/media\/19901"}],"wp:attachment":[{"href":"http:\/\/algeriepresse.dz\/index.php?rest_route=%2Fwp%2Fv2%2Fmedia&parent=19897"}],"wp:term":[{"taxonomy":"category","embeddable":true,"href":"http:\/\/algeriepresse.dz\/index.php?rest_route=%2Fwp%2Fv2%2Fcategories&post=19897"},{"taxonomy":"post_tag","embeddable":true,"href":"http:\/\/algeriepresse.dz\/index.php?rest_route=%2Fwp%2Fv2%2Ftags&post=19897"}],"curies":[{"name":"wp","href":"https:\/\/api.w.org\/{rel}","templated":true}]}}