{"id":21130,"date":"2026-05-01T17:54:18","date_gmt":"2026-05-01T16:54:18","guid":{"rendered":"https:\/\/algeriepresse.dz\/?p=21130"},"modified":"2026-05-01T17:54:18","modified_gmt":"2026-05-01T16:54:18","slug":"journees-des-maladies-pulmonaires-les-protocoles-de-prise-en-charge-decortiques","status":"publish","type":"post","link":"http:\/\/algeriepresse.dz\/?p=21130","title":{"rendered":"Journ\u00e9es des maladies pulmonaires : Les protocoles de prise en charge d\u00e9cortiqu\u00e9s"},"content":{"rendered":"<p>Les travaux des deuxi\u00e8mes Journ\u00e9es nationales des maladies pulmonaires ont \u00e9t\u00e9 lanc\u00e9s jeudi \u00e0 Oran Bay Hotel, dans le cadre d\u2019une manifestation scientifique de haut niveau d\u00e9di\u00e9e aux pathologies respiratoires. Organis\u00e9es avec la participation du CHUO, ces journ\u00e9es scientifiques ont rassembl\u00e9 des professeurs, m\u00e9decins sp\u00e9cialistes et chefs de services hospitaliers de plusieurs wilayas autour d\u2019un objectif commun : favoriser l\u2019\u00e9change d\u2019exp\u00e9riences et la mise \u00e0 jour des connaissances en mati\u00e8re de diagnostic et de traitement des maladies pulmonaires.<br \/>\nDans son allocution, le directeur de la sant\u00e9 a mis en avant la n\u00e9cessit\u00e9 de consolider les espaces d\u2019\u00e9change entre recherche acad\u00e9mique et pratique clinique, consid\u00e9r\u00e9s comme un pilier fondamental du d\u00e9veloppement du syst\u00e8me de sant\u00e9. Par ailleurs, il a salu\u00e9 les efforts consentis par les pouvoirs-publics en mati\u00e8re de disponibilit\u00e9 des traitements innovants et de modernisation des protocoles th\u00e9rapeutiques, y voyant une traduction concr\u00e8te de la volont\u00e9 de l\u2019\u00c9tat de renforcer la souverainet\u00e9 sanitaire et de garantir une prise en charge optimale des patients. De son c\u00f4t\u00e9, le Pr Benani Abdelatif chef de service de maladie respiratoire et thoraciques (B) et principal organisateur de cette rencontre a pr\u00e9sent\u00e9 les objectifs scientifiques de ces journ\u00e9es, ax\u00e9s sur le renforcement de la collaboration entre sp\u00e9cialistes et l\u2019examen des d\u00e9fis actuels li\u00e9s aux maladies respiratoires. Il a insist\u00e9 sur l\u2019importance de partager les avanc\u00e9es r\u00e9centes en mati\u00e8re de diagnostic et de th\u00e9rapies, afin d\u2019adapter les pratiques m\u00e9dicales aux standards internationaux. Fay\u00e7al A.<\/p>\n","protected":false},"excerpt":{"rendered":"<p>Les travaux des deuxi\u00e8mes Journ\u00e9es nationales des maladies pulmonaires ont \u00e9t\u00e9 lanc\u00e9s jeudi \u00e0 Oran Bay Hotel, dans le cadre d\u2019une manifestation scientifique de haut niveau d\u00e9di\u00e9e aux pathologies respiratoires. Organis\u00e9es avec la participation du CHUO, ces journ\u00e9es scientifiques ont rassembl\u00e9 des professeurs, m\u00e9decins sp\u00e9cialistes et chefs de services hospitaliers de plusieurs wilayas autour d\u2019un &hellip;<\/p>\n","protected":false},"author":2,"featured_media":0,"comment_status":"closed","ping_status":"closed","sticky":false,"template":"","format":"standard","meta":{"footnotes":""},"categories":[4,6],"tags":[],"class_list":["post-21130","post","type-post","status-publish","format-standard","hentry","category-a-la-une","category-oran"],"_links":{"self":[{"href":"http:\/\/algeriepresse.dz\/index.php?rest_route=\/wp\/v2\/posts\/21130","targetHints":{"allow":["GET"]}}],"collection":[{"href":"http:\/\/algeriepresse.dz\/index.php?rest_route=\/wp\/v2\/posts"}],"about":[{"href":"http:\/\/algeriepresse.dz\/index.php?rest_route=\/wp\/v2\/types\/post"}],"author":[{"embeddable":true,"href":"http:\/\/algeriepresse.dz\/index.php?rest_route=\/wp\/v2\/users\/2"}],"replies":[{"embeddable":true,"href":"http:\/\/algeriepresse.dz\/index.php?rest_route=%2Fwp%2Fv2%2Fcomments&post=21130"}],"version-history":[{"count":1,"href":"http:\/\/algeriepresse.dz\/index.php?rest_route=\/wp\/v2\/posts\/21130\/revisions"}],"predecessor-version":[{"id":21139,"href":"http:\/\/algeriepresse.dz\/index.php?rest_route=\/wp\/v2\/posts\/21130\/revisions\/21139"}],"wp:attachment":[{"href":"http:\/\/algeriepresse.dz\/index.php?rest_route=%2Fwp%2Fv2%2Fmedia&parent=21130"}],"wp:term":[{"taxonomy":"category","embeddable":true,"href":"http:\/\/algeriepresse.dz\/index.php?rest_route=%2Fwp%2Fv2%2Fcategories&post=21130"},{"taxonomy":"post_tag","embeddable":true,"href":"http:\/\/algeriepresse.dz\/index.php?rest_route=%2Fwp%2Fv2%2Ftags&post=21130"}],"curies":[{"name":"wp","href":"https:\/\/api.w.org\/{rel}","templated":true}]}}