{"id":21135,"date":"2026-05-01T17:58:00","date_gmt":"2026-05-01T16:58:00","guid":{"rendered":"https:\/\/algeriepresse.dz\/?p=21135"},"modified":"2026-05-01T17:58:00","modified_gmt":"2026-05-01T16:58:00","slug":"acces-des-archives-francaises-aux-algeriens-stora-plaide-pour-louverture-des-tiroirs-fermes","status":"publish","type":"post","link":"http:\/\/algeriepresse.dz\/?p=21135","title":{"rendered":"Acc\u00e8s des archives fran\u00e7aises aux Alg\u00e9riens  : Stora plaide pour l\u2019ouverture des \u00ab tiroirs ferm\u00e9s \u00bb"},"content":{"rendered":"<p>L\u2019historien fran\u00e7ais Benjamin Stora a affirm\u00e9, mercredi dernier \u00e0 Annaba, que l\u2019ouverture des archives fran\u00e7aises aux chercheurs alg\u00e9riens devait \u00eatre \u00ab compl\u00e8te et inconditionnelle \u00bb, sans retard ni s\u00e9lectivit\u00e9.<\/p>\n<p>Intervenant lors d\u2019une masterclass organis\u00e9e au mus\u00e9e arch\u00e9ologique d\u2019Hippone, dans le cadre du 6e Festival du film m\u00e9diterran\u00e9en, il a insist\u00e9 sur la n\u00e9cessit\u00e9 m\u00e9thodologique et \u00e9thique de lever tous les obstacles administratifs et s\u00e9curitaires emp\u00eachant l\u2019acc\u00e8s direct aux documents originaux.<br \/>\nPour Stora, permettre aux universitaires alg\u00e9riens d\u2019acc\u00e9der aux archives militaires et politiques fran\u00e7aises est un \u00ab passage oblig\u00e9 \u00bb pour une lecture historique \u00e9quitable, loin des visions unilat\u00e9rales impos\u00e9es par l\u2019h\u00e9g\u00e9monie archivistique fran\u00e7aise. Il a d\u00e9nonc\u00e9 le maintien de pans entiers de la m\u00e9moire commune dans des \u00ab tiroirs ferm\u00e9s \u00bb au nom de la s\u00e9curit\u00e9 nationale ou de la loi fran\u00e7aise sur les archives, y voyant un frein au projet de purification de la m\u00e9moire collective.<br \/>\nIl a ajout\u00e9 que la transparence archivistique n\u2019\u00e9tait pas seulement une exigence acad\u00e9mique, mais un acte politique visant \u00e0 lib\u00e9rer la v\u00e9rit\u00e9 de toute instrumentalisation. La r\u00e9tention des documents, selon lui, ne fait qu\u2019alimenter les discours de haine nourris par les lacunes historiques.<br \/>\nLa question de l\u2019acc\u00e8s aux archives coloniales est au c\u0153ur des relations alg\u00e9ro-fran\u00e7aises depuis des d\u00e9cennies. D\u00e9j\u00e0 en 1992, Stora publiait La gangr\u00e8ne et l\u2019oubli, ouvrage qui d\u00e9non\u00e7ait la m\u00e9moire s\u00e9lective de la guerre d\u2019Alg\u00e9rie en France. Depuis, plusieurs commissions mixtes ont \u00e9t\u00e9 mises en place, notamment celle cr\u00e9\u00e9e en 2021, mais les chercheurs alg\u00e9riens continuent de se heurter \u00e0 des restrictions.<br \/>\nStora a rappel\u00e9 que les archives appartiennent \u00ab aux peuples \u00bb et doivent \u00eatre accessibles aux g\u00e9n\u00e9rations futures des deux rives. Il a soulign\u00e9 que l\u2019histoire de la r\u00e9volution alg\u00e9rienne est devenue partie int\u00e9grante de l\u2019histoire int\u00e9rieure de la France, en raison des liens humains et sociaux tiss\u00e9s entre les deux pays.<br \/>\n\u00c9voquant la production cin\u00e9matographique pendant la guerre de lib\u00e9ration, Stora a rappel\u00e9 que la censure coloniale avait emp\u00each\u00e9 toute repr\u00e9sentation fran\u00e7aise de ce conflit. Du c\u00f4t\u00e9 alg\u00e9rien, le manque de moyens limitait \u00e9galement la production. Il a cit\u00e9 les films anticoloniaux fran\u00e7ais comme Avoir 20 ans dans les Aur\u00e8s de Ren\u00e9 Vautier et R.A.S d\u2019Yves Boisset, tout en saluant le travail de Mohamed Lakhdar Hamina, r\u00e9alisateur de Le Vent des Aur\u00e8s et Chronique des ann\u00e9es de braise.<br \/>\nG. Salima<\/p>\n","protected":false},"excerpt":{"rendered":"<p>L\u2019historien fran\u00e7ais Benjamin Stora a affirm\u00e9, mercredi dernier \u00e0 Annaba, que l\u2019ouverture des archives fran\u00e7aises aux chercheurs alg\u00e9riens devait \u00eatre \u00ab compl\u00e8te et inconditionnelle \u00bb, sans retard ni s\u00e9lectivit\u00e9. Intervenant lors d\u2019une masterclass organis\u00e9e au mus\u00e9e arch\u00e9ologique d\u2019Hippone, dans le cadre du 6e Festival du film m\u00e9diterran\u00e9en, il a insist\u00e9 sur la n\u00e9cessit\u00e9 m\u00e9thodologique et &hellip;<\/p>\n","protected":false},"author":2,"featured_media":21154,"comment_status":"closed","ping_status":"closed","sticky":false,"template":"","format":"standard","meta":{"footnotes":""},"categories":[4,5],"tags":[],"class_list":["post-21135","post","type-post","status-publish","format-standard","has-post-thumbnail","hentry","category-a-la-une","category-actualites"],"_links":{"self":[{"href":"http:\/\/algeriepresse.dz\/index.php?rest_route=\/wp\/v2\/posts\/21135","targetHints":{"allow":["GET"]}}],"collection":[{"href":"http:\/\/algeriepresse.dz\/index.php?rest_route=\/wp\/v2\/posts"}],"about":[{"href":"http:\/\/algeriepresse.dz\/index.php?rest_route=\/wp\/v2\/types\/post"}],"author":[{"embeddable":true,"href":"http:\/\/algeriepresse.dz\/index.php?rest_route=\/wp\/v2\/users\/2"}],"replies":[{"embeddable":true,"href":"http:\/\/algeriepresse.dz\/index.php?rest_route=%2Fwp%2Fv2%2Fcomments&post=21135"}],"version-history":[{"count":1,"href":"http:\/\/algeriepresse.dz\/index.php?rest_route=\/wp\/v2\/posts\/21135\/revisions"}],"predecessor-version":[{"id":21155,"href":"http:\/\/algeriepresse.dz\/index.php?rest_route=\/wp\/v2\/posts\/21135\/revisions\/21155"}],"wp:featuredmedia":[{"embeddable":true,"href":"http:\/\/algeriepresse.dz\/index.php?rest_route=\/wp\/v2\/media\/21154"}],"wp:attachment":[{"href":"http:\/\/algeriepresse.dz\/index.php?rest_route=%2Fwp%2Fv2%2Fmedia&parent=21135"}],"wp:term":[{"taxonomy":"category","embeddable":true,"href":"http:\/\/algeriepresse.dz\/index.php?rest_route=%2Fwp%2Fv2%2Fcategories&post=21135"},{"taxonomy":"post_tag","embeddable":true,"href":"http:\/\/algeriepresse.dz\/index.php?rest_route=%2Fwp%2Fv2%2Ftags&post=21135"}],"curies":[{"name":"wp","href":"https:\/\/api.w.org\/{rel}","templated":true}]}}