{"id":21143,"date":"2026-05-01T17:56:30","date_gmt":"2026-05-01T16:56:30","guid":{"rendered":"https:\/\/algeriepresse.dz\/?p=21143"},"modified":"2026-05-01T17:56:30","modified_gmt":"2026-05-01T16:56:30","slug":"chaib-rencontre-les-consuls-du-sud-de-leurope-services-consulaires-et-elections-au-menu","status":"publish","type":"post","link":"http:\/\/algeriepresse.dz\/?p=21143","title":{"rendered":"Chaib rencontre les consuls  du Sud de l\u2019Europe : Services consulaires et \u00e9lections au menu"},"content":{"rendered":"<p>Le secr\u00e9taire d\u2019\u00c9tat aupr\u00e8s du ministre des Affaires \u00e9trang\u00e8res, charg\u00e9 de la Communaut\u00e9 nationale \u00e0 l\u2019\u00e9tranger, Sofiane Chaib, a pr\u00e9sid\u00e9 hier vendredi au si\u00e8ge de l\u2019ambassade d\u2019Alg\u00e9rie \u00e0 Madrid une r\u00e9union de coordination et d\u2019orientation avec les chefs de postes consulaires du Sud de l\u2019Europe. Cette rencontre, qui s\u2019inscrit dans le cadre des r\u00e9unions p\u00e9riodiques avec les missions consulaires, a \u00e9t\u00e9 consacr\u00e9e \u00e0 l\u2019am\u00e9lioration des services destin\u00e9s aux membres de la communaut\u00e9 nationale et \u00e0 l\u2019\u00e9valuation des pr\u00e9paratifs pour les prochaines \u00e9ch\u00e9ances l\u00e9gislatives, selon un communiqu\u00e9 du minist\u00e8re des Affaires \u00e9trang\u00e8res.<\/p>\n<p>Concernant les questions consulaires, plusieurs mesures pratiques ont \u00e9t\u00e9 examin\u00e9es dans le cadre du processus de modernisation des prestations administratives. Parmi les projets en cours figure le service de renouvellement \u00e0 distance du passeport biom\u00e9trique, qui devrait entrer prochainement en service. Ce dispositif vise \u00e0 rapprocher l\u2019administration du citoyen et \u00e0 renforcer la qualit\u00e9 du service. Sofiane Chaib a donn\u00e9 des instructions pr\u00e9cises pour acc\u00e9l\u00e9rer la mise en \u0153uvre de ces nouvelles mesures, en insistant sur l\u2019efficacit\u00e9 et la rigueur de leur application dans toutes les repr\u00e9sentations consulaires.<br \/>\nSur le plan \u00e9lectoral, le secr\u00e9taire d\u2019\u00c9tat a soulign\u00e9 la n\u00e9cessit\u00e9 d\u2019atteindre le plus haut niveau de pr\u00e9paration pour permettre aux membres de la communaut\u00e9 nationale d\u2019exercer leur droit de vote dans les meilleures conditions. Il a insist\u00e9 sur la mobilisation des moyens humains, mat\u00e9riels et logistiques, ainsi que sur une coordination \u00e9troite avec les repr\u00e9sentants de l\u2019Autorit\u00e9 nationale ind\u00e9pendante des \u00e9lections (ANIE) \u00e0 l\u2019\u00e9tranger, notamment les coordinateurs et les d\u00e9l\u00e9gu\u00e9s.<br \/>\nEnfin, Sofiane Chaib a rappel\u00e9 l\u2019importance de poursuivre les pr\u00e9paratifs en pr\u00e9vision de la saison estivale, marqu\u00e9e par un flux important de membres de la communaut\u00e9 vers le pays. Il a appel\u00e9 \u00e0 mettre en place toutes les mesures de facilitation n\u00e9cessaires pour accompagner ces d\u00e9placements et garantir la fluidit\u00e9 des voyages, tout en assurant aux citoyens les meilleurs services.<br \/>\nD.Z<\/p>\n","protected":false},"excerpt":{"rendered":"<p>Le secr\u00e9taire d\u2019\u00c9tat aupr\u00e8s du ministre des Affaires \u00e9trang\u00e8res, charg\u00e9 de la Communaut\u00e9 nationale \u00e0 l\u2019\u00e9tranger, Sofiane Chaib, a pr\u00e9sid\u00e9 hier vendredi au si\u00e8ge de l\u2019ambassade d\u2019Alg\u00e9rie \u00e0 Madrid une r\u00e9union de coordination et d\u2019orientation avec les chefs de postes consulaires du Sud de l\u2019Europe. Cette rencontre, qui s\u2019inscrit dans le cadre des r\u00e9unions p\u00e9riodiques &hellip;<\/p>\n","protected":false},"author":2,"featured_media":0,"comment_status":"closed","ping_status":"closed","sticky":false,"template":"","format":"standard","meta":{"footnotes":""},"categories":[4,5],"tags":[],"class_list":["post-21143","post","type-post","status-publish","format-standard","hentry","category-a-la-une","category-actualites"],"_links":{"self":[{"href":"http:\/\/algeriepresse.dz\/index.php?rest_route=\/wp\/v2\/posts\/21143","targetHints":{"allow":["GET"]}}],"collection":[{"href":"http:\/\/algeriepresse.dz\/index.php?rest_route=\/wp\/v2\/posts"}],"about":[{"href":"http:\/\/algeriepresse.dz\/index.php?rest_route=\/wp\/v2\/types\/post"}],"author":[{"embeddable":true,"href":"http:\/\/algeriepresse.dz\/index.php?rest_route=\/wp\/v2\/users\/2"}],"replies":[{"embeddable":true,"href":"http:\/\/algeriepresse.dz\/index.php?rest_route=%2Fwp%2Fv2%2Fcomments&post=21143"}],"version-history":[{"count":1,"href":"http:\/\/algeriepresse.dz\/index.php?rest_route=\/wp\/v2\/posts\/21143\/revisions"}],"predecessor-version":[{"id":21148,"href":"http:\/\/algeriepresse.dz\/index.php?rest_route=\/wp\/v2\/posts\/21143\/revisions\/21148"}],"wp:attachment":[{"href":"http:\/\/algeriepresse.dz\/index.php?rest_route=%2Fwp%2Fv2%2Fmedia&parent=21143"}],"wp:term":[{"taxonomy":"category","embeddable":true,"href":"http:\/\/algeriepresse.dz\/index.php?rest_route=%2Fwp%2Fv2%2Fcategories&post=21143"},{"taxonomy":"post_tag","embeddable":true,"href":"http:\/\/algeriepresse.dz\/index.php?rest_route=%2Fwp%2Fv2%2Ftags&post=21143"}],"curies":[{"name":"wp","href":"https:\/\/api.w.org\/{rel}","templated":true}]}}