{"id":21145,"date":"2026-05-01T17:55:52","date_gmt":"2026-05-01T16:55:52","guid":{"rendered":"https:\/\/algeriepresse.dz\/?p=21145"},"modified":"2026-05-01T17:55:52","modified_gmt":"2026-05-01T16:55:52","slug":"vers-une-autonomie-sanitaire-renforcee-les-transferts-a-letranger-reduits","status":"publish","type":"post","link":"http:\/\/algeriepresse.dz\/?p=21145","title":{"rendered":"Vers une autonomie sanitaire renforc\u00e9e:  Les transferts \u00e0 l\u2019\u00e9tranger r\u00e9duits"},"content":{"rendered":"<p>La prise en charge du transfert des malades \u00e0 l\u2019\u00e9tranger a \u00e9t\u00e9 au c\u0153ur des d\u00e9bats ce jeudi lors de la r\u00e9union du Gouvernement pr\u00e9sid\u00e9e par le Premier ministre Sifi Ghrieb. Les membres de l\u2019ex\u00e9cutif ont \u00e9galement examin\u00e9 la strat\u00e9gie nationale de pr\u00e9vention et de lutte contre le cancer \u00e0 l\u2019horizon 2035 et finalis\u00e9 le projet de d\u00e9cret ex\u00e9cutif relatif aux march\u00e9s publics.<br \/>\nLe dossier des transferts de malades, longtemps consid\u00e9r\u00e9 comme une n\u00e9cessit\u00e9 en raison du manque de structures sp\u00e9cialis\u00e9es locales, a connu une \u00e9volution notable depuis la mise en place de la politique de substitution nationale en 2020. Les r\u00e9sultats enregistr\u00e9s en 2025 montrent une r\u00e9duction significative des transferts \u00e0 l\u2019\u00e9tranger, un d\u00e9veloppement de l\u2019offre nationale de soins et une meilleure ma\u00eetrise des d\u00e9penses de sant\u00e9. Cette dynamique traduit la volont\u00e9 des pouvoirs publics de b\u00e2tir une autonomie sanitaire durable, en garantissant aux citoyens un acc\u00e8s \u00e9quitable aux soins sur le territoire national.<br \/>\nDans le m\u00eame ordre d\u2019id\u00e9es, le Gouvernement a \u00e9tudi\u00e9 le projet de strat\u00e9gie nationale de pr\u00e9vention et de lutte contre le cancer, \u00e9labor\u00e9 par la Commission nationale plac\u00e9e sous l\u2019autorit\u00e9 du pr\u00e9sident de la R\u00e9publique. Fruit des assises nationales de mai 2025, ce document d\u00e9finit les outils op\u00e9rationnels n\u00e9cessaires pour renforcer la pr\u00e9vention, am\u00e9liorer la prise en charge et \u00e9valuer les progr\u00e8s r\u00e9alis\u00e9s. Il repose sur un tableau de bord d\u2019indicateurs permettant de mesurer l\u2019efficacit\u00e9 des actions engag\u00e9es et d\u2019identifier les insuffisances du syst\u00e8me de sant\u00e9.<br \/>\nEnfin, les membres du Gouvernement ont finalis\u00e9 l\u2019examen du projet de d\u00e9cret ex\u00e9cutif fixant les modalit\u00e9s d\u2019application des r\u00e8gles g\u00e9n\u00e9rales relatives aux march\u00e9s publics. Ce texte vise \u00e0 clarifier les proc\u00e9dures, garantir la transparence et assurer une gestion rigoureuse des deniers publics. Il constitue un instrument juridique essentiel pour accompagner les actions de d\u00e9veloppement \u00e9conomique et social, en consacrant les principes de libert\u00e9 d\u2019acc\u00e8s \u00e0 la commande publique et d\u2019\u00e9galit\u00e9 de traitement des candidats.<br \/>\nCh.G<\/p>\n","protected":false},"excerpt":{"rendered":"<p>La prise en charge du transfert des malades \u00e0 l\u2019\u00e9tranger a \u00e9t\u00e9 au c\u0153ur des d\u00e9bats ce jeudi lors de la r\u00e9union du Gouvernement pr\u00e9sid\u00e9e par le Premier ministre Sifi Ghrieb. Les membres de l\u2019ex\u00e9cutif ont \u00e9galement examin\u00e9 la strat\u00e9gie nationale de pr\u00e9vention et de lutte contre le cancer \u00e0 l\u2019horizon 2035 et finalis\u00e9 le &hellip;<\/p>\n","protected":false},"author":2,"featured_media":0,"comment_status":"closed","ping_status":"closed","sticky":false,"template":"","format":"standard","meta":{"footnotes":""},"categories":[4,5],"tags":[],"class_list":["post-21145","post","type-post","status-publish","format-standard","hentry","category-a-la-une","category-actualites"],"_links":{"self":[{"href":"http:\/\/algeriepresse.dz\/index.php?rest_route=\/wp\/v2\/posts\/21145","targetHints":{"allow":["GET"]}}],"collection":[{"href":"http:\/\/algeriepresse.dz\/index.php?rest_route=\/wp\/v2\/posts"}],"about":[{"href":"http:\/\/algeriepresse.dz\/index.php?rest_route=\/wp\/v2\/types\/post"}],"author":[{"embeddable":true,"href":"http:\/\/algeriepresse.dz\/index.php?rest_route=\/wp\/v2\/users\/2"}],"replies":[{"embeddable":true,"href":"http:\/\/algeriepresse.dz\/index.php?rest_route=%2Fwp%2Fv2%2Fcomments&post=21145"}],"version-history":[{"count":1,"href":"http:\/\/algeriepresse.dz\/index.php?rest_route=\/wp\/v2\/posts\/21145\/revisions"}],"predecessor-version":[{"id":21146,"href":"http:\/\/algeriepresse.dz\/index.php?rest_route=\/wp\/v2\/posts\/21145\/revisions\/21146"}],"wp:attachment":[{"href":"http:\/\/algeriepresse.dz\/index.php?rest_route=%2Fwp%2Fv2%2Fmedia&parent=21145"}],"wp:term":[{"taxonomy":"category","embeddable":true,"href":"http:\/\/algeriepresse.dz\/index.php?rest_route=%2Fwp%2Fv2%2Fcategories&post=21145"},{"taxonomy":"post_tag","embeddable":true,"href":"http:\/\/algeriepresse.dz\/index.php?rest_route=%2Fwp%2Fv2%2Ftags&post=21145"}],"curies":[{"name":"wp","href":"https:\/\/api.w.org\/{rel}","templated":true}]}}