{"id":4756,"date":"2024-01-10T19:42:14","date_gmt":"2024-01-10T18:42:14","guid":{"rendered":"http:\/\/algeriepresse.dz\/?p=4756"},"modified":"2024-01-10T19:42:14","modified_gmt":"2024-01-10T18:42:14","slug":"hausse-des-cas-de-bronchiolite-virale-chez-les-nourrissons-la-dsp-doran-rassure","status":"publish","type":"post","link":"http:\/\/algeriepresse.dz\/?p=4756","title":{"rendered":"Hausse des cas de bronchiolite virale chez les nourrissons:  La DSP d\u2019Oran rassure"},"content":{"rendered":"<p>La Direction de la Sant\u00e9 et de la Population de la wilaya d&rsquo;Oran, \u00e0 travers un communiqu\u00e9 diffus\u00e9 r\u00e9cemment, se veut rassurante face aux inqui\u00e9tudes suscit\u00e9es par les informations circulant au sujet de la hausse du nombre de cas de bronchiolites virales chez les nourrissons.<\/p>\n<p>Malgr\u00e9 une augmentation du nombre de cas chez les enfants au cours des derni\u00e8res semaines, la direction tient \u00e0 souligner qu&rsquo;il ne s&rsquo;agit pas d&rsquo;une \u00e9pid\u00e9mie, mais plut\u00f4t d&rsquo;une situation consid\u00e9r\u00e9e comme normale par les autorit\u00e9s sanitaires. La DSP a tenu \u00e0 pr\u00e9ciser que le nombre de cas enregistr\u00e9s au service des urgences m\u00e9dicales de l&rsquo;\u00e9tablissement sp\u00e9cialis\u00e9 en p\u00e9diatrie, Boukhroufa Abdelkader \u00e0 Canastel, correspond \u00e0 des cas typiques enregistr\u00e9s chaque ann\u00e9e. Ces situations sont souvent li\u00e9es aux variations climatiques observ\u00e9es pendant la saison hivernale, en particulier la baisse des temp\u00e9ratures matinales. Par ailleurs, l&rsquo;augmentation des cas est \u00e9galement attribu\u00e9e \u00e0 l&rsquo;afflux de visiteurs dans la wilaya en provenance de diff\u00e9rentes r\u00e9gions du pays pendant les vacances d&rsquo;hiver. Les sympt\u00f4mes de l&rsquo;infection par les bronchiolites virales chez les enfants comprennent la toux, l&rsquo;obstruction nasale, l&rsquo;\u00e9ternuement, la fi\u00e8vre et les convulsions. Il s&rsquo;agit d&rsquo;une infection virale similaire \u00e0 la grippe, une maladie respiratoire qui touche principalement les tout-petits. Pendant la p\u00e9riode hivernale, 30% des consultations p\u00e9diatriques sont consacr\u00e9es \u00e0 la bronchiolite. Le pic \u00e9pid\u00e9mique est g\u00e9n\u00e9ralement atteint en d\u00e9cembre, et le nombre de cas devrait augmenter jusqu&rsquo;\u00e0 la fin du mois de mars. Le virus touche principalement les enfants de moins de deux ans, avec des complications potentiellement graves chez les nourrissons de moins de trois mois et les pr\u00e9matur\u00e9s en raison de leurs d\u00e9fenses immunitaires encore faibles et de l&rsquo;immaturit\u00e9 de leur appareil respiratoire. Dans certains cas, la maladie peut entra\u00eener une forme plus s\u00e9v\u00e8re n\u00e9cessitant une hospitalisation ou des soins intensifs, notamment chez les b\u00e9b\u00e9s fragiles, souvent appel\u00e9s \u00ab\u00a0b\u00e9b\u00e9s \u00e0 risque\u00a0\u00bb.<br \/>\n<strong>Fay\u00e7al. A<\/strong><\/p>\n","protected":false},"excerpt":{"rendered":"<p>La Direction de la Sant\u00e9 et de la Population de la wilaya d&rsquo;Oran, \u00e0 travers un communiqu\u00e9 diffus\u00e9 r\u00e9cemment, se veut rassurante face aux inqui\u00e9tudes suscit\u00e9es par les informations circulant au sujet de la hausse du nombre de cas de bronchiolites virales chez les nourrissons. Malgr\u00e9 une augmentation du nombre de cas chez les enfants &hellip;<\/p>\n","protected":false},"author":2,"featured_media":4757,"comment_status":"closed","ping_status":"closed","sticky":false,"template":"","format":"standard","meta":{"footnotes":""},"categories":[4,6],"tags":[],"class_list":["post-4756","post","type-post","status-publish","format-standard","has-post-thumbnail","hentry","category-a-la-une","category-oran"],"_links":{"self":[{"href":"http:\/\/algeriepresse.dz\/index.php?rest_route=\/wp\/v2\/posts\/4756","targetHints":{"allow":["GET"]}}],"collection":[{"href":"http:\/\/algeriepresse.dz\/index.php?rest_route=\/wp\/v2\/posts"}],"about":[{"href":"http:\/\/algeriepresse.dz\/index.php?rest_route=\/wp\/v2\/types\/post"}],"author":[{"embeddable":true,"href":"http:\/\/algeriepresse.dz\/index.php?rest_route=\/wp\/v2\/users\/2"}],"replies":[{"embeddable":true,"href":"http:\/\/algeriepresse.dz\/index.php?rest_route=%2Fwp%2Fv2%2Fcomments&post=4756"}],"version-history":[{"count":1,"href":"http:\/\/algeriepresse.dz\/index.php?rest_route=\/wp\/v2\/posts\/4756\/revisions"}],"predecessor-version":[{"id":4758,"href":"http:\/\/algeriepresse.dz\/index.php?rest_route=\/wp\/v2\/posts\/4756\/revisions\/4758"}],"wp:featuredmedia":[{"embeddable":true,"href":"http:\/\/algeriepresse.dz\/index.php?rest_route=\/wp\/v2\/media\/4757"}],"wp:attachment":[{"href":"http:\/\/algeriepresse.dz\/index.php?rest_route=%2Fwp%2Fv2%2Fmedia&parent=4756"}],"wp:term":[{"taxonomy":"category","embeddable":true,"href":"http:\/\/algeriepresse.dz\/index.php?rest_route=%2Fwp%2Fv2%2Fcategories&post=4756"},{"taxonomy":"post_tag","embeddable":true,"href":"http:\/\/algeriepresse.dz\/index.php?rest_route=%2Fwp%2Fv2%2Ftags&post=4756"}],"curies":[{"name":"wp","href":"https:\/\/api.w.org\/{rel}","templated":true}]}}