{"id":8479,"date":"2024-08-16T19:17:19","date_gmt":"2024-08-16T18:17:19","guid":{"rendered":"https:\/\/algeriepresse.dz\/?p=8479"},"modified":"2024-08-16T19:17:19","modified_gmt":"2024-08-16T18:17:19","slug":"sante-publique-le-centre-medical-de-la-cnas-modernise-ses-equipements","status":"publish","type":"post","link":"http:\/\/algeriepresse.dz\/?p=8479","title":{"rendered":"Sant\u00e9 publique: Le centre m\u00e9dical de la CNAS  modernise ses \u00e9quipements"},"content":{"rendered":"<p>La Caisse nationale des assurances sociales (CNAS) s\u2019appr\u00eate \u00e0 acqu\u00e9rir de nouveaux \u00e9quipements innovants de diagnostic et de d\u00e9pistage au profit de son centre m\u00e9dical situ\u00e9 \u00e0 Gambetta \u00e0 Oran.<\/p>\n<p>Les nouveaux \u00e9quipements modernes permettront des diagnostics pr\u00e9cis. La planification sanitaire qui pr\u00e9voit une augmentation des besoins, coupl\u00e9e \u00e0 la n\u00e9cessit\u00e9 de constamment moderniser les \u00e9quipements, am\u00e8ne ce centre de diagnostic \u00e0 anticiper.<br \/>\nDe son c\u00f4t\u00e9, la clinique sp\u00e9cialis\u00e9e en chirurgie orthop\u00e9dique et en r\u00e9\u00e9ducation fonctionnelle des victimes d\u2019accidents de travail, sise \u00e0 Misserghine, relevant de la tutelle de la CNAS, a re\u00e7u r\u00e9cemment, une d\u00e9l\u00e9gation du groupe hospitalier italien \u00abSan Donato\u00bb, en vue d\u2019explorer et d\u2019identifier les moyens de coop\u00e9ration dans le domaine m\u00e9dical, de la chirurgie et de la formation. Cette visite intervient dans le sillage de la convention sign\u00e9e avec le groupe hospitalier italien afin de pr\u00e9parer un programme de travail commun pour la prise en charge m\u00e9dicale et chirurgicale des enfants victimes de distorsion et de courbures de la colonne vert\u00e9brale. La distorsion et la courbure de la colonne vert\u00e9brale chez les enfants est l\u2019une des pathologies qui rev\u00eat une grande importance au niveau des services de sant\u00e9 publique. Les patients affect\u00e9s par cette maladie sont transf\u00e9r\u00e9s \u00e0 l\u2019\u00e9tranger.<br \/>\nLa vision prospective actuelle est de la traiter m\u00e9dicalement et chirurgicalement en Alg\u00e9rie, en collaboration avec le groupe italien. Par cette d\u00e9marche, la CNAS \u0153uvre \u00e0 baisser le nombre de malades envoy\u00e9s \u00e0 l\u2019\u00e9tranger et \u00e0 transf\u00e9rer, sur le terrain, la technologie entre des m\u00e9decins alg\u00e9riens et des sp\u00e9cialistes du groupe hospitalier italien. Des d\u00e9marches sont actuellement men\u00e9es pour convertir la clinique sp\u00e9cialis\u00e9e en chirurgie orthop\u00e9dique et en r\u00e9\u00e9ducation fonctionnelle des victimes d\u2019accidents de travail de Misserghine en centre de r\u00e9f\u00e9rence dans le domaine de la m\u00e9decine et de la chirurgie orthop\u00e9dique, ainsi que dans la formation des m\u00e9decins et des sp\u00e9cialistes de cette branche m\u00e9dicale.<br \/>\n<strong>G. Salima<\/strong><\/p>\n","protected":false},"excerpt":{"rendered":"<p>La Caisse nationale des assurances sociales (CNAS) s\u2019appr\u00eate \u00e0 acqu\u00e9rir de nouveaux \u00e9quipements innovants de diagnostic et de d\u00e9pistage au profit de son centre m\u00e9dical situ\u00e9 \u00e0 Gambetta \u00e0 Oran. Les nouveaux \u00e9quipements modernes permettront des diagnostics pr\u00e9cis. La planification sanitaire qui pr\u00e9voit une augmentation des besoins, coupl\u00e9e \u00e0 la n\u00e9cessit\u00e9 de constamment moderniser les &hellip;<\/p>\n","protected":false},"author":2,"featured_media":8480,"comment_status":"closed","ping_status":"closed","sticky":false,"template":"","format":"standard","meta":{"footnotes":""},"categories":[4,6],"tags":[],"class_list":["post-8479","post","type-post","status-publish","format-standard","has-post-thumbnail","hentry","category-a-la-une","category-oran"],"_links":{"self":[{"href":"http:\/\/algeriepresse.dz\/index.php?rest_route=\/wp\/v2\/posts\/8479","targetHints":{"allow":["GET"]}}],"collection":[{"href":"http:\/\/algeriepresse.dz\/index.php?rest_route=\/wp\/v2\/posts"}],"about":[{"href":"http:\/\/algeriepresse.dz\/index.php?rest_route=\/wp\/v2\/types\/post"}],"author":[{"embeddable":true,"href":"http:\/\/algeriepresse.dz\/index.php?rest_route=\/wp\/v2\/users\/2"}],"replies":[{"embeddable":true,"href":"http:\/\/algeriepresse.dz\/index.php?rest_route=%2Fwp%2Fv2%2Fcomments&post=8479"}],"version-history":[{"count":1,"href":"http:\/\/algeriepresse.dz\/index.php?rest_route=\/wp\/v2\/posts\/8479\/revisions"}],"predecessor-version":[{"id":8481,"href":"http:\/\/algeriepresse.dz\/index.php?rest_route=\/wp\/v2\/posts\/8479\/revisions\/8481"}],"wp:featuredmedia":[{"embeddable":true,"href":"http:\/\/algeriepresse.dz\/index.php?rest_route=\/wp\/v2\/media\/8480"}],"wp:attachment":[{"href":"http:\/\/algeriepresse.dz\/index.php?rest_route=%2Fwp%2Fv2%2Fmedia&parent=8479"}],"wp:term":[{"taxonomy":"category","embeddable":true,"href":"http:\/\/algeriepresse.dz\/index.php?rest_route=%2Fwp%2Fv2%2Fcategories&post=8479"},{"taxonomy":"post_tag","embeddable":true,"href":"http:\/\/algeriepresse.dz\/index.php?rest_route=%2Fwp%2Fv2%2Ftags&post=8479"}],"curies":[{"name":"wp","href":"https:\/\/api.w.org\/{rel}","templated":true}]}}