{"id":9417,"date":"2024-10-06T18:26:31","date_gmt":"2024-10-06T17:26:31","guid":{"rendered":"https:\/\/algeriepresse.dz\/?p=9417"},"modified":"2024-10-06T18:26:31","modified_gmt":"2024-10-06T17:26:31","slug":"le-president-de-la-republique-face-a-la-presse-les-brics-la-france-et-le-dialogue-national","status":"publish","type":"post","link":"http:\/\/algeriepresse.dz\/?p=9417","title":{"rendered":"Le pr\u00e9sident de la R\u00e9publique face \u00e0 la presse:  Les Brics, la France et le dialogue national"},"content":{"rendered":"<p>Lors de son entrevue p\u00e9riodique avec des repr\u00e9sentants des m\u00e9dias nationaux, diffus\u00e9e samedi soir sur les cha\u00eenes de la T\u00e9l\u00e9vision et de la Radio nationales, le pr\u00e9sident de la R\u00e9publique Abdelmadjid Tebbboune a r\u00e9affirm\u00e9 que l\u2019\u00c9tat \u00abn\u2019abandonnera pas le citoyen\u00bb, et ce, dans le cadre de la pr\u00e9servation de son caract\u00e8re social.<\/p>\n<p>Le chef de l\u2019\u00c9tat a r\u00e9it\u00e9r\u00e9 son engagement \u00e0 renforcer le pouvoir d\u2019achat des citoyens en vue de pr\u00e9server leur dignit\u00e9, \u00e0 travers la lutte contre l\u2019inflation, le renforcement de la production nationale et la poursuite de la revalorisation des salaires et des allocations. Tout en assurant qu\u2019il y aura une poursuite des aides pour l\u2019acc\u00e8s au logement, le pr\u00e9sident de la R\u00e9publique a affich\u00e9 sa volont\u00e9 de tenir ses engagements envers le peuple alg\u00e9rien en \u00abprot\u00e9geant notre pays et notre ind\u00e9pendance et en d\u00e9fendant les personnes vuln\u00e9rables\u00bb, indiquant que le pays \u00abest engag\u00e9 sur la voie du changement positif et poursuivra sa marche\u00bb.<br \/>\nSur le plan \u00e9conomique, le pr\u00e9sident de la R\u00e9publique a estim\u00e9 que \u00abla construction d&rsquo;une \u00e9conomie nationale solide et la protection de l&rsquo;Alg\u00e9rie face aux fluctuations mondiales figurent parmi les priorit\u00e9s\u00bb, mettant en avant l&rsquo;importance de la production locale des produits de large consommation. Le pr\u00e9sident rappelle que l&rsquo;Alg\u00e9rie a r\u00e9ussi \u00e0 \u00abatteindre 80 % d\u2019autosuffisance dans la production de bl\u00e9 dur\u00bb, l\u2019objectif escompt\u00e9 \u00e9tant \u00ab d\u2019atteindre 100 %\u00bb.<br \/>\nPar ailleurs, il a mis en garde contre \u00ables lobbies qui tentent de d\u00e9stabiliser le pays et de semer le chaos\u00bb, en avertissant que \u00abl\u2019\u00e9poque de la issaba est r\u00e9volue \u00bb et que l&rsquo;Etat \u00abcombattra les r\u00e9sidus de ces lobbies sans rel\u00e2che\u00bb. Et d\u2019ajouter que \u00ables tentatives de d\u00e9stabiliser l&rsquo;Alg\u00e9rie existent encore mais nous sommes \u00e0 l&rsquo;aff\u00fbt pour y faire face gr\u00e2ce \u00e0 la force de l&rsquo;Arm\u00e9e nationale populaire (ANP) et aux leviers de contr\u00f4le et \u00e0 la num\u00e9risation \u00bb. A ce propos, il a annonc\u00e9 que le processus de num\u00e9risation d\u00e9finitive de tous les secteurs doit \u00eatre achev\u00e9 avant fin 2024.<br \/>\nEn outre, le chef de l\u2019Etat a \u00e9voqu\u00e9 le ph\u00e9nom\u00e8ne de la contrebande qui porte atteinte \u00e0 l&rsquo;\u00e9conomie nationale, en indiquant qu\u2019il \u00abdoit cesser, car l&rsquo;Alg\u00e9rie compte cr\u00e9er des zones franches avec les pays voisins fr\u00e8res\u00bb.<\/p>\n<h3 style=\"text-align: center;\"><strong>Les ing\u00e9rences \u00e9trang\u00e8res en question<\/strong><\/h3>\n<p>Abdelmadjid Tebboune a \u00e9galement annonc\u00e9 qu\u2019un dialogue national s\u00e9rieux sera instaur\u00e9 \u00abfin 2025, d\u00e9but 2026 \u00bb, pour immuniser l\u2019Alg\u00e9rie des ing\u00e9rences \u00e9trang\u00e8res et contrecarrer les tentatives visant \u00e0 semer la discorde parmi le peuple alg\u00e9rien. Ce dialogue sera entam\u00e9 apr\u00e8s la r\u00e9vision des lois relatives aux organes de l\u2019\u00c9tat moderne, \u00e0 l\u2019image de l\u2019amendement des codes communal et de wilaya, et de la loi relative aux partis politiques qu\u2019il s\u2019est engag\u00e9 \u00e0 mettre en place en concertation avec les partis, a-t-il pr\u00e9cis\u00e9.<\/p>\n<p>Sur le plan international, r\u00e9pondant \u00e0 une question sur les BRICS, le pr\u00e9sident Tebboune a estim\u00e9 que \u00abpour le moment, nous n\u2019envisageons pas d\u2019adh\u00e9rer \u00e0 cette organisation et notre int\u00e9r\u00eat se porte sur l&rsquo;adh\u00e9sion \u00e0 la Banque des BRICS, qui est tout aussi importante que la Banque mondiale.\u00bb Concernant l&rsquo;accord d\u2019association avec l\u2019Union europ\u00e9enne (UE), il a fait savoir qu\u2019il sera r\u00e9vis\u00e9 \u00ab\u00e0 partir de 2025\u00bb, expliquant que cette r\u00e9vision, d\u00e9sormais \u00abn\u00e9cessaire\u00bb, sera men\u00e9e \u00abavec souplesse et dans un esprit amical sans entrer en conflit avec l\u2019UE\u00bb.<br \/>\nLe pr\u00e9sident de la R\u00e9publique a aussi d\u00e9fendu l\u2019id\u00e9e d\u2019une \u00abr\u00e9forme approfondie\u00bb du syst\u00e8me des Nations Unies et du Conseil de s\u00e9curit\u00e9 ainsi que de l\u2019usage du droit de veto, insistant sur la n\u00e9cessit\u00e9 de doter l&rsquo;Assembl\u00e9e g\u00e9n\u00e9rale de l&rsquo;ONU de \u00abplus de pouvoir\u00bb. A ce sujet, il a exprim\u00e9 son regret face \u00e0 l&rsquo;absence du droit international, o\u00f9 on assiste \u00e0 la loi du plus fort.<br \/>\nS\u2019agissant de la position de la France soutenant \u00able pr\u00e9tendu +plan d\u2019autonomie+\u00bb au Sahara occidental, il a d\u00e9clar\u00e9 que le soutien de la France au Makhzen pour s\u2019emparer du Sahara occidental \u00abn\u2019est pas nouveau, et m\u00eame l\u2019id\u00e9e du soi-disant +plan d&rsquo;autonomie+ est fran\u00e7aise et pas marocaine\u00bb. Il a, en outre, estim\u00e9 que la d\u00e9cision du retrait de l&rsquo;ambassadeur d&rsquo;Alg\u00e9rie \u00e0 Paris n&rsquo;a aucun lien avec la visite qui \u00e9tait programm\u00e9e en France, r\u00e9affirmant que l&rsquo;Alg\u00e9rie \u00abn\u2019ira pas \u00e0 Canossa\u00bb.<br \/>\nPar ailleurs, il a rappel\u00e9 la position de l\u2019Alg\u00e9rie qui \u00abr\u00e9clame la v\u00e9rit\u00e9 historique et exige une reconnaissance des massacres commis par le colonialisme fran\u00e7ais en Alg\u00e9rie\u00bb. Le pr\u00e9sident Tebboune a qualifi\u00e9 les appels d\u2019une frange fran\u00e7aise \u00e0 la r\u00e9vision de l&rsquo;accord de 1968 concernant la circulation et le s\u00e9jour des Alg\u00e9riens en France de \u00abslogan politique\u00bb d&rsquo;une minorit\u00e9 extr\u00e9miste qui voue une haine \u00e0 l\u2019Alg\u00e9rie.<br \/>\n\u00c9voquant les relations solides entre l&rsquo;Alg\u00e9rie et la Russie, le pr\u00e9sident de la R\u00e9publique a pr\u00e9cis\u00e9 que \u00abce sont des relations d&rsquo;amiti\u00e9 et d&rsquo;int\u00e9r\u00eats mutuels, caract\u00e9ris\u00e9es par des liens profonds et historiques\u00bb. Sur les nombreux messages de f\u00e9licitations qu&rsquo;il a re\u00e7us suite \u00e0 sa r\u00e9\u00e9lection pour un second mandat, le pr\u00e9sident de la R\u00e9publique a affirm\u00e9 que \u00abcela t\u00e9moigne de la r\u00e9putation internationale de l&rsquo;Alg\u00e9rie et de la place qu\u2019elle occupe parmi les nations\u00bb.<br \/>\n<strong>G. Salima<\/strong><\/p>\n","protected":false},"excerpt":{"rendered":"<p>Lors de son entrevue p\u00e9riodique avec des repr\u00e9sentants des m\u00e9dias nationaux, diffus\u00e9e samedi soir sur les cha\u00eenes de la T\u00e9l\u00e9vision et de la Radio nationales, le pr\u00e9sident de la R\u00e9publique Abdelmadjid Tebbboune a r\u00e9affirm\u00e9 que l\u2019\u00c9tat \u00abn\u2019abandonnera pas le citoyen\u00bb, et ce, dans le cadre de la pr\u00e9servation de son caract\u00e8re social. Le chef de &hellip;<\/p>\n","protected":false},"author":2,"featured_media":9418,"comment_status":"closed","ping_status":"closed","sticky":false,"template":"","format":"standard","meta":{"footnotes":""},"categories":[4,5],"tags":[],"class_list":["post-9417","post","type-post","status-publish","format-standard","has-post-thumbnail","hentry","category-a-la-une","category-actualites"],"_links":{"self":[{"href":"http:\/\/algeriepresse.dz\/index.php?rest_route=\/wp\/v2\/posts\/9417","targetHints":{"allow":["GET"]}}],"collection":[{"href":"http:\/\/algeriepresse.dz\/index.php?rest_route=\/wp\/v2\/posts"}],"about":[{"href":"http:\/\/algeriepresse.dz\/index.php?rest_route=\/wp\/v2\/types\/post"}],"author":[{"embeddable":true,"href":"http:\/\/algeriepresse.dz\/index.php?rest_route=\/wp\/v2\/users\/2"}],"replies":[{"embeddable":true,"href":"http:\/\/algeriepresse.dz\/index.php?rest_route=%2Fwp%2Fv2%2Fcomments&post=9417"}],"version-history":[{"count":1,"href":"http:\/\/algeriepresse.dz\/index.php?rest_route=\/wp\/v2\/posts\/9417\/revisions"}],"predecessor-version":[{"id":9419,"href":"http:\/\/algeriepresse.dz\/index.php?rest_route=\/wp\/v2\/posts\/9417\/revisions\/9419"}],"wp:featuredmedia":[{"embeddable":true,"href":"http:\/\/algeriepresse.dz\/index.php?rest_route=\/wp\/v2\/media\/9418"}],"wp:attachment":[{"href":"http:\/\/algeriepresse.dz\/index.php?rest_route=%2Fwp%2Fv2%2Fmedia&parent=9417"}],"wp:term":[{"taxonomy":"category","embeddable":true,"href":"http:\/\/algeriepresse.dz\/index.php?rest_route=%2Fwp%2Fv2%2Fcategories&post=9417"},{"taxonomy":"post_tag","embeddable":true,"href":"http:\/\/algeriepresse.dz\/index.php?rest_route=%2Fwp%2Fv2%2Ftags&post=9417"}],"curies":[{"name":"wp","href":"https:\/\/api.w.org\/{rel}","templated":true}]}}