{"id":10189,"date":"2024-11-11T18:21:21","date_gmt":"2024-11-11T17:21:21","guid":{"rendered":"https:\/\/algeriepresse.dz\/?p=10189"},"modified":"2024-11-11T18:21:21","modified_gmt":"2024-11-11T17:21:21","slug":"politique-etrangere-americaine-au-moyen-orient-trump-annonce-la-couleur","status":"publish","type":"post","link":"https:\/\/algeriepresse.dz\/?p=10189","title":{"rendered":"Politique \u00e9trang\u00e8re am\u00e9ricaine au Moyen Orient : Trump annonce la couleur"},"content":{"rendered":"<p><strong><em>Pour ceux qui pensaient na\u00efvement que l\u2019\u00e9lection de Donald Trump \u00e0 la Maison Blanche allait changer la balance de la politique am\u00e9ricaine au Moyen Orient, la nomination d\u2019Elise Stefanik, repr\u00e9sentante du Congr\u00e8s pour l\u2019\u00c9tat de New York, comme ambassadrice permanente des \u00c9tats-Unis aupr\u00e8s des Nations unies, a remis les pendules \u00e0 l\u2019heure.<\/em><\/strong><\/p>\n<p>Trump a d\u00e9clar\u00e9 : \u00ab\u00a0C\u2019est un honneur pour moi de nommer Elise Stefanik comme ambassadrice des \u00c9tats-Unis \u00e0 l\u2019ONU. Elle est une personnalit\u00e9 forte et une v\u00e9ritable combattante pour la politique &lsquo;America First&rsquo;.\u00a0\u00bb<br \/>\nEn effet, la r\u00e9publicaine de 40 ans est une enrag\u00e9e d\u2019Isra\u00ebl, une inconditionnelle de la politique d\u2019extermination sioniste contre les Palestiniens. En mai 2024, elle n\u2019avait pas h\u00e9sit\u00e9 \u00e0 s\u2019en prendre \u00e0 Joe Biden, lors d\u2019une r\u00e9union du Caucus de la Knesset pour les \u00e9tudiants juifs et pro-Isra\u00ebl sur les campus du monde entier.<br \/>\n\u00ab J\u2019ai \u00e9t\u00e9 claire \u00e0 la Chambre des repr\u00e9sentants et je serai claire ici : il n\u2019y a aucune excuse pour qu\u2019un pr\u00e9sident am\u00e9ricain bloque l\u2019aide \u00e0 Isra\u00ebl \u2013 une aide qui a \u00e9t\u00e9 d\u00fbment vot\u00e9e par le Congr\u00e8s \u2013 ou qu\u2019il assouplisse les sanctions contre l\u2019Iran, en payant une ran\u00e7on de 6 milliards de dollars au principal \u00c9tat soutenant le terrorisme dans le monde, ou qu\u2019il tergiverse et se cache pendant que nos amis se battent pour leur vie \u00bb, a-t-elle d\u00e9clar\u00e9.<br \/>\nContrairement \u00e0 sa critique de Biden, Stefanik, a fait l\u2019\u00e9loge de l\u2019ancien pr\u00e9sident am\u00e9ricain Donald Trump, qu\u2019elle a salu\u00e9 pour son \u00ab soutien historique \u00e0 l\u2019ind\u00e9pendance et \u00e0 la s\u00e9curit\u00e9 d\u2019Isra\u00ebl \u00bb.<br \/>\n\u00ab La majorit\u00e9 des Am\u00e9ricains vous soutiennent et nous vous soutiendrons toujours \u2013 depuis la reconnaissance d\u2019Isra\u00ebl par le pr\u00e9sident Truman 11 minutes apr\u00e8s que David Ben Gurion a d\u00e9clar\u00e9 l\u2019ind\u00e9pendance d\u2019Isra\u00ebl il y a 76 ans et 5 jours, l\u2019Am\u00e9rique se tient aux c\u00f4t\u00e9s d\u2019Isra\u00ebl \u00bb, a-t-elle ajout\u00e9.<br \/>\nLes pays arabes et musulmans savent maintenant \u00e0 quoi s\u2019en tenir !<br \/>\n<strong>S.O<\/strong><\/p>\n","protected":false},"excerpt":{"rendered":"<p>Pour ceux qui pensaient na\u00efvement que l\u2019\u00e9lection de Donald Trump \u00e0 la Maison Blanche allait changer la balance de la politique am\u00e9ricaine au Moyen Orient, la nomination d\u2019Elise Stefanik, repr\u00e9sentante du Congr\u00e8s pour l\u2019\u00c9tat de New York, comme ambassadrice permanente des \u00c9tats-Unis aupr\u00e8s des Nations unies, a remis les pendules \u00e0 l\u2019heure. Trump a d\u00e9clar\u00e9 &hellip;<\/p>\n","protected":false},"author":2,"featured_media":10190,"comment_status":"closed","ping_status":"closed","sticky":false,"template":"","format":"standard","meta":{"footnotes":""},"categories":[4,5],"tags":[],"class_list":["post-10189","post","type-post","status-publish","format-standard","has-post-thumbnail","hentry","category-a-la-une","category-actualites"],"_links":{"self":[{"href":"https:\/\/algeriepresse.dz\/index.php?rest_route=\/wp\/v2\/posts\/10189","targetHints":{"allow":["GET"]}}],"collection":[{"href":"https:\/\/algeriepresse.dz\/index.php?rest_route=\/wp\/v2\/posts"}],"about":[{"href":"https:\/\/algeriepresse.dz\/index.php?rest_route=\/wp\/v2\/types\/post"}],"author":[{"embeddable":true,"href":"https:\/\/algeriepresse.dz\/index.php?rest_route=\/wp\/v2\/users\/2"}],"replies":[{"embeddable":true,"href":"https:\/\/algeriepresse.dz\/index.php?rest_route=%2Fwp%2Fv2%2Fcomments&post=10189"}],"version-history":[{"count":1,"href":"https:\/\/algeriepresse.dz\/index.php?rest_route=\/wp\/v2\/posts\/10189\/revisions"}],"predecessor-version":[{"id":10191,"href":"https:\/\/algeriepresse.dz\/index.php?rest_route=\/wp\/v2\/posts\/10189\/revisions\/10191"}],"wp:featuredmedia":[{"embeddable":true,"href":"https:\/\/algeriepresse.dz\/index.php?rest_route=\/wp\/v2\/media\/10190"}],"wp:attachment":[{"href":"https:\/\/algeriepresse.dz\/index.php?rest_route=%2Fwp%2Fv2%2Fmedia&parent=10189"}],"wp:term":[{"taxonomy":"category","embeddable":true,"href":"https:\/\/algeriepresse.dz\/index.php?rest_route=%2Fwp%2Fv2%2Fcategories&post=10189"},{"taxonomy":"post_tag","embeddable":true,"href":"https:\/\/algeriepresse.dz\/index.php?rest_route=%2Fwp%2Fv2%2Ftags&post=10189"}],"curies":[{"name":"wp","href":"https:\/\/api.w.org\/{rel}","templated":true}]}}