{"id":11203,"date":"2024-12-22T16:47:19","date_gmt":"2024-12-22T15:47:19","guid":{"rendered":"https:\/\/algeriepresse.dz\/?p=11203"},"modified":"2024-12-22T16:47:19","modified_gmt":"2024-12-22T15:47:19","slug":"assises-nationales-sur-la-formation-professionnelle-focus-sur-les-besoins-du-marche-du-travail","status":"publish","type":"post","link":"https:\/\/algeriepresse.dz\/?p=11203","title":{"rendered":"Assises nationales sur la formation professionnelle : Focus sur les besoins du march\u00e9 du travail"},"content":{"rendered":"<p>Le ministre de la Formation et de l&rsquo;Enseignement professionnels, Yacine El Mahdi Oualid, a affirm\u00e9, samedi \u00e0 Alger, que les assises nationales sur la formation professionnelle avaient pour objectif d&rsquo;\u00e9laborer une feuille de route visant \u00e0 promouvoir le secteur, conform\u00e9ment aux besoins du march\u00e9 du travail.<br \/>\nA l&rsquo;ouverture des travaux des assises au Centre international de Conf\u00e9rences Abdelatif-Rahal (CIC, Alger), le ministre a soulign\u00e9 que le syst\u00e8me de la formation professionnelle \u00e9tait \u00ab\u00a0la pierre angulaire du march\u00e9 du travail\u00a0\u00bb, faisant \u00e9tat de plus de 1.200 \u00e9tablissements de formation qui comptent plus de 600.000 stagiaires chaque ann\u00e9e. Il a \u00e9galement mis l&rsquo;accent sur l&rsquo;importance de d\u00e9velopper ce syst\u00e8me, conform\u00e9ment au march\u00e9 du travail qui connait, a-t-il dit, \u00ab\u00a0de grandes mutations en raison des avanc\u00e9es technologiques exponentielles\u00a0\u00bb.<br \/>\nDans ce contexte, le ministre a mis en avant l&rsquo;importance de s&rsquo;aligner sur les nouvelles orientations dans le monde du travail, ajoutant que selon un rapport de l&rsquo;Organisation internationale du travail (OIT), 60% des m\u00e9tiers de l&rsquo;avenir requi\u00e8rent de nouvelles comp\u00e9tences technologiques et professionnelles, d&rsquo;o\u00f9 l&rsquo;imp\u00e9ratif du d\u00e9veloppement et de la modernisation des syst\u00e8mes de la formation professionnelle dans tous les pays.<br \/>\nS&rsquo;agissant des travaux de ces assises, le ministre a indiqu\u00e9 que huit ateliers seront organis\u00e9s et porteront sur plusieurs th\u00e8mes, \u00e0 l&rsquo;instar de l&rsquo;adaptation de la formation aux besoins du march\u00e9 du travail, l&rsquo;am\u00e9lioration de l&#8217;employabilit\u00e9 et l&rsquo;ing\u00e9nierie p\u00e9dagogique, ainsi que la num\u00e9risation dans le secteur de la formation professionnelle, soulignant que l&rsquo;un des principaux objectifs trac\u00e9s par le secteur \u00e9tait \u00ab\u00a0une rentr\u00e9e professionnelle, f\u00e9vrier prochain, sans papier\u00a0\u00bb.<br \/>\nLes participants aborderont \u00e9galement la \u00ab\u00a0r\u00e9forme du cadre juridique et r\u00e9glementaire afin d&rsquo;assurer une meilleure gouvernance et des proc\u00e9dures plus flexibles\u00a0\u00bb, outre l'\u00a0\u00bbam\u00e9lioration des conditions de formation et la mise en place de normes de qualit\u00e9 pour les \u00e9tablissements de formation\u00a0\u00bb, et \u00ab\u00a0l&rsquo;encouragement des soci\u00e9t\u00e9s priv\u00e9es de formation et de promotion de la formation continue\u00a0\u00bb.<\/p>\n","protected":false},"excerpt":{"rendered":"<p>Le ministre de la Formation et de l&rsquo;Enseignement professionnels, Yacine El Mahdi Oualid, a affirm\u00e9, samedi \u00e0 Alger, que les assises nationales sur la formation professionnelle avaient pour objectif d&rsquo;\u00e9laborer une feuille de route visant \u00e0 promouvoir le secteur, conform\u00e9ment aux besoins du march\u00e9 du travail. A l&rsquo;ouverture des travaux des assises au Centre international &hellip;<\/p>\n","protected":false},"author":2,"featured_media":0,"comment_status":"closed","ping_status":"closed","sticky":false,"template":"","format":"standard","meta":{"footnotes":""},"categories":[5],"tags":[],"class_list":["post-11203","post","type-post","status-publish","format-standard","hentry","category-actualites"],"_links":{"self":[{"href":"https:\/\/algeriepresse.dz\/index.php?rest_route=\/wp\/v2\/posts\/11203","targetHints":{"allow":["GET"]}}],"collection":[{"href":"https:\/\/algeriepresse.dz\/index.php?rest_route=\/wp\/v2\/posts"}],"about":[{"href":"https:\/\/algeriepresse.dz\/index.php?rest_route=\/wp\/v2\/types\/post"}],"author":[{"embeddable":true,"href":"https:\/\/algeriepresse.dz\/index.php?rest_route=\/wp\/v2\/users\/2"}],"replies":[{"embeddable":true,"href":"https:\/\/algeriepresse.dz\/index.php?rest_route=%2Fwp%2Fv2%2Fcomments&post=11203"}],"version-history":[{"count":1,"href":"https:\/\/algeriepresse.dz\/index.php?rest_route=\/wp\/v2\/posts\/11203\/revisions"}],"predecessor-version":[{"id":11204,"href":"https:\/\/algeriepresse.dz\/index.php?rest_route=\/wp\/v2\/posts\/11203\/revisions\/11204"}],"wp:attachment":[{"href":"https:\/\/algeriepresse.dz\/index.php?rest_route=%2Fwp%2Fv2%2Fmedia&parent=11203"}],"wp:term":[{"taxonomy":"category","embeddable":true,"href":"https:\/\/algeriepresse.dz\/index.php?rest_route=%2Fwp%2Fv2%2Fcategories&post=11203"},{"taxonomy":"post_tag","embeddable":true,"href":"https:\/\/algeriepresse.dz\/index.php?rest_route=%2Fwp%2Fv2%2Ftags&post=11203"}],"curies":[{"name":"wp","href":"https:\/\/api.w.org\/{rel}","templated":true}]}}