{"id":11759,"date":"2025-01-20T18:04:05","date_gmt":"2025-01-20T17:04:05","guid":{"rendered":"https:\/\/algeriepresse.dz\/?p=11759"},"modified":"2025-01-20T18:04:05","modified_gmt":"2025-01-20T17:04:05","slug":"juge-en-appel-pour-cambriolage-cinq-ans-de-prison-pour-le-voleur-de-sidi-el-hasni","status":"publish","type":"post","link":"https:\/\/algeriepresse.dz\/?p=11759","title":{"rendered":"Jug\u00e9 en appel pour cambriolage : Cinq ans de prison pour le voleur de Sidi El-Hasni"},"content":{"rendered":"<p>K.M. Zakaria a \u00e9t\u00e9 condamn\u00e9 par le tribunal criminel d\u2019appel \u00e0 cinq ans de prison pour vol avec effraction. En premi\u00e8re instance, une peine de sept ans avait \u00e9t\u00e9 prononc\u00e9e \u00e0 son encontre.<br \/>\nLes faits remontent au 1e janvier 2023 lorsque le propri\u00e9taire d\u2019un magasin de produits cosm\u00e9tiques, situ\u00e9 dans le quartier de Sidi El-Hasni, s\u2019est rendu \u00e0 la premi\u00e8re s\u00fbret\u00e9 d\u2019Oran pour d\u00e9poser une plainte. Il a signal\u00e9 que son magasin avait \u00e9t\u00e9 cambriol\u00e9 et que plus de 120 millions de centimes avaient \u00e9t\u00e9 d\u00e9rob\u00e9s.<br \/>\nLes policiers se sont rendus sur les lieux et ont constat\u00e9 que le magasin \u00e9tait au sous-sol et comportait un premier \u00e9tage avec trois chambres. L\u2019une des chambres avait une fen\u00eatre donnant sur une habitation d\u00e9labr\u00e9e, par laquelle le ou les cambrioleurs \u00e9taient entr\u00e9s apr\u00e8s avoir sci\u00e9 le barreaudage. Les investigations, facilit\u00e9es par les cam\u00e9ras de surveillance des magasins environnants, ont permis d\u2019identifier le suspect, qui a \u00e9t\u00e9 arr\u00eat\u00e9.<br \/>\nConfront\u00e9 aux faits, il a fourni un r\u00e9cit d\u00e9taill\u00e9 du vol, expliquant comment il avait escalad\u00e9 le mur depuis la maison abandonn\u00e9e pour entrer dans le magasin. Il a d\u2019abord vol\u00e9 quelques objets et un ordinateur qu\u2019il a cach\u00e9s dans les d\u00e9combres de la maison. Il a ensuite trouv\u00e9 une somme d\u2019argent importante qu\u2019il a mise dans un sachet avant de quitter les lieux par le m\u00eame chemin. Il a \u00e9galement affirm\u00e9 avoir laiss\u00e9 la moiti\u00e9 de l\u2019argent dans la maison d\u00e9labr\u00e9e, qu\u2019il n\u2019a plus retrouv\u00e9 par la suite. Il a expliqu\u00e9 avoir jet\u00e9 l\u2019ordinateur et utilis\u00e9 une partie des 90 millions vol\u00e9s pour acheter des v\u00eatements et un t\u00e9l\u00e9phone. Par la suite, a-t-il encore ajout\u00e9, le reste de l\u2019argent lui a \u00e9t\u00e9 vol\u00e9 alors qu\u2019il \u00e9tait de sortie avec des amis \u00e0 la Corniche.<br \/>\nLe propri\u00e9taire du magasin a d\u00e9clar\u00e9 qu&rsquo;il venait d&rsquo;ouvrir son commerce ce jour-l\u00e0 et qu&rsquo;il avait constat\u00e9 la disparition d&rsquo;une somme importante ainsi que du PC utilis\u00e9 pour ses op\u00e9rations commerciales.<br \/>\nAu tribunal criminel d\u2019appel, Zakaria n\u2019a pas modifi\u00e9 ses d\u00e9clarations mais a insist\u00e9 sur le fait qu&rsquo;il n&rsquo;avait pris que 90 millions et non 120 millions de centimes. Le repr\u00e9sentant du minist\u00e8re public a requis une peine de huit ans de prison tandis que la d\u00e9fense a plaid\u00e9 en faveur des circonstances att\u00e9nuantes.<br \/>\n<strong>Zemmouri L.<\/strong><\/p>\n","protected":false},"excerpt":{"rendered":"<p>K.M. Zakaria a \u00e9t\u00e9 condamn\u00e9 par le tribunal criminel d\u2019appel \u00e0 cinq ans de prison pour vol avec effraction. En premi\u00e8re instance, une peine de sept ans avait \u00e9t\u00e9 prononc\u00e9e \u00e0 son encontre. Les faits remontent au 1e janvier 2023 lorsque le propri\u00e9taire d\u2019un magasin de produits cosm\u00e9tiques, situ\u00e9 dans le quartier de Sidi El-Hasni, &hellip;<\/p>\n","protected":false},"author":2,"featured_media":0,"comment_status":"closed","ping_status":"closed","sticky":false,"template":"","format":"standard","meta":{"footnotes":""},"categories":[6],"tags":[],"class_list":["post-11759","post","type-post","status-publish","format-standard","hentry","category-oran"],"_links":{"self":[{"href":"https:\/\/algeriepresse.dz\/index.php?rest_route=\/wp\/v2\/posts\/11759","targetHints":{"allow":["GET"]}}],"collection":[{"href":"https:\/\/algeriepresse.dz\/index.php?rest_route=\/wp\/v2\/posts"}],"about":[{"href":"https:\/\/algeriepresse.dz\/index.php?rest_route=\/wp\/v2\/types\/post"}],"author":[{"embeddable":true,"href":"https:\/\/algeriepresse.dz\/index.php?rest_route=\/wp\/v2\/users\/2"}],"replies":[{"embeddable":true,"href":"https:\/\/algeriepresse.dz\/index.php?rest_route=%2Fwp%2Fv2%2Fcomments&post=11759"}],"version-history":[{"count":1,"href":"https:\/\/algeriepresse.dz\/index.php?rest_route=\/wp\/v2\/posts\/11759\/revisions"}],"predecessor-version":[{"id":11760,"href":"https:\/\/algeriepresse.dz\/index.php?rest_route=\/wp\/v2\/posts\/11759\/revisions\/11760"}],"wp:attachment":[{"href":"https:\/\/algeriepresse.dz\/index.php?rest_route=%2Fwp%2Fv2%2Fmedia&parent=11759"}],"wp:term":[{"taxonomy":"category","embeddable":true,"href":"https:\/\/algeriepresse.dz\/index.php?rest_route=%2Fwp%2Fv2%2Fcategories&post=11759"},{"taxonomy":"post_tag","embeddable":true,"href":"https:\/\/algeriepresse.dz\/index.php?rest_route=%2Fwp%2Fv2%2Ftags&post=11759"}],"curies":[{"name":"wp","href":"https:\/\/api.w.org\/{rel}","templated":true}]}}