{"id":12089,"date":"2025-02-05T17:59:52","date_gmt":"2025-02-05T16:59:52","guid":{"rendered":"https:\/\/algeriepresse.dz\/?p=12089"},"modified":"2025-02-05T17:59:52","modified_gmt":"2025-02-05T16:59:52","slug":"des-createurs-aux-besoins-specifiques-exposent-leurs-oeuvres","status":"publish","type":"post","link":"https:\/\/algeriepresse.dz\/?p=12089","title":{"rendered":"Des cr\u00e9ateurs aux besoins sp\u00e9cifiques exposent leurs \u0153uvres"},"content":{"rendered":"<p>Une exposition collective mettant en avant les \u0153uvres d&rsquo;arts plastiques de cr\u00e9ateurs \u00e0 besoins sp\u00e9cifiques, a \u00e9t\u00e9 inaugur\u00e9e.<br \/>\nAccueillie au Palais de la culture Moufdi-Zakaria, cette exposition r\u00e9unit une vingtaine d\u2019artistes autodidactes, en situation de handicap physique, mental ou cognitif, qui participent avec des \u0153uvres \u00e9mouvantes qui montrent leur \u00abg\u00e9nie cr\u00e9atif\u00bb et remettent en question certaines \u00abid\u00e9es re\u00e7ues\u00bb sur leur handicap.<br \/>\nSaisissantes, d\u00e9licates, \u00e9mouvantes ou provocatrices, les \u0153uvres pr\u00e9sent\u00e9es explorent des univers diff\u00e9rents et des th\u00e8mes inspir\u00e9s du v\u00e9cu quotidien de ces jeunes cr\u00e9ateurs, d\u00e9termin\u00e9s \u00e0 surmonter leurs infirmit\u00e9s physique, mentale ou cognitive.<br \/>\nKentache Hania, Hassina Zahaf, Chimouni Abderahmane, Ihab Chilia, Righi Achraf, Admane Feriel, Saker Hassib et bien d&rsquo;autres cr\u00e9ateurs, ont abord\u00e9 des th\u00e8mes vari\u00e9s, nourris aux exp\u00e9riences et \u00e9preuves singuli\u00e8res de cette cat\u00e9gorie.<br \/>\nL&rsquo;artiste Hassina Zahaf, atteinte d&rsquo;une infirmit\u00e9 c\u00e9r\u00e9brale motrice, a pr\u00e9sent\u00e9 des \u0153uvres explorant la beaut\u00e9 f\u00e9minine \u00e0 travers des portraits de femmes, aux formes et aux traits d\u00e9form\u00e9s, invitant le visiteur \u00e0 m\u00e9diter l&rsquo;\u00e9tat d&rsquo;\u00e2me de ces \u00eatres anonymes comme cette femme qui joue au violon ou encore ce jeune couple.<br \/>\nOptant pour le figuratif, Imane Haddad propose, pour sa part, des tableaux \u00e9voquant la beaut\u00e9 et la femme \u00e0 travers des roses et un portrait de femmes, un th\u00e8me tr\u00e8s explor\u00e9 par d&rsquo;autres artistes participant \u00e0 cette exposition.<br \/>\nL&rsquo;artiste Nourredine Charabi, qui peint avec ses pieds, propose une s\u00e9rie \u0153uvres sublimant la beaut\u00e9 \u00e0 travers des paysages naturels saisissants ainsi que des monuments historiques et sites de patrimoine culturel \u00e0 travers l&rsquo;Alg\u00e9rie.<br \/>\nD&rsquo;autres artistes plasticiens notamment Ratiba Ait Chafaa, Dokman, Kenza Bourenane et Ghedjati Mustapha, participent \u00e9galement \u00e0 cette exposition d\u00e9di\u00e9e aux \u0153uvres d&rsquo;artistes aux besoins sp\u00e9cifiques.<br \/>\nL&rsquo;exposition a \u00e9t\u00e9 marqu\u00e9e, par ailleurs, par la participation du c\u00e9l\u00e8bre calligraphe alg\u00e9rien, Mohamed Cherifi, connu pour avoir \u00e9crit le Saint Coran et con\u00e7u des billets de banque. En plus de ses \u0153uvres expos\u00e9es, Mohamed Cherifi animera un atelier d\u00e9di\u00e9 \u00e0 la calligraphie arabe.<\/p>\n","protected":false},"excerpt":{"rendered":"<p>Une exposition collective mettant en avant les \u0153uvres d&rsquo;arts plastiques de cr\u00e9ateurs \u00e0 besoins sp\u00e9cifiques, a \u00e9t\u00e9 inaugur\u00e9e. Accueillie au Palais de la culture Moufdi-Zakaria, cette exposition r\u00e9unit une vingtaine d\u2019artistes autodidactes, en situation de handicap physique, mental ou cognitif, qui participent avec des \u0153uvres \u00e9mouvantes qui montrent leur \u00abg\u00e9nie cr\u00e9atif\u00bb et remettent en question &hellip;<\/p>\n","protected":false},"author":2,"featured_media":12090,"comment_status":"closed","ping_status":"closed","sticky":false,"template":"","format":"standard","meta":{"footnotes":""},"categories":[4,5],"tags":[],"class_list":["post-12089","post","type-post","status-publish","format-standard","has-post-thumbnail","hentry","category-a-la-une","category-actualites"],"_links":{"self":[{"href":"https:\/\/algeriepresse.dz\/index.php?rest_route=\/wp\/v2\/posts\/12089","targetHints":{"allow":["GET"]}}],"collection":[{"href":"https:\/\/algeriepresse.dz\/index.php?rest_route=\/wp\/v2\/posts"}],"about":[{"href":"https:\/\/algeriepresse.dz\/index.php?rest_route=\/wp\/v2\/types\/post"}],"author":[{"embeddable":true,"href":"https:\/\/algeriepresse.dz\/index.php?rest_route=\/wp\/v2\/users\/2"}],"replies":[{"embeddable":true,"href":"https:\/\/algeriepresse.dz\/index.php?rest_route=%2Fwp%2Fv2%2Fcomments&post=12089"}],"version-history":[{"count":1,"href":"https:\/\/algeriepresse.dz\/index.php?rest_route=\/wp\/v2\/posts\/12089\/revisions"}],"predecessor-version":[{"id":12091,"href":"https:\/\/algeriepresse.dz\/index.php?rest_route=\/wp\/v2\/posts\/12089\/revisions\/12091"}],"wp:featuredmedia":[{"embeddable":true,"href":"https:\/\/algeriepresse.dz\/index.php?rest_route=\/wp\/v2\/media\/12090"}],"wp:attachment":[{"href":"https:\/\/algeriepresse.dz\/index.php?rest_route=%2Fwp%2Fv2%2Fmedia&parent=12089"}],"wp:term":[{"taxonomy":"category","embeddable":true,"href":"https:\/\/algeriepresse.dz\/index.php?rest_route=%2Fwp%2Fv2%2Fcategories&post=12089"},{"taxonomy":"post_tag","embeddable":true,"href":"https:\/\/algeriepresse.dz\/index.php?rest_route=%2Fwp%2Fv2%2Ftags&post=12089"}],"curies":[{"name":"wp","href":"https:\/\/api.w.org\/{rel}","templated":true}]}}