{"id":12782,"date":"2025-03-14T16:50:29","date_gmt":"2025-03-14T15:50:29","guid":{"rendered":"https:\/\/algeriepresse.dz\/?p=12782"},"modified":"2025-03-14T16:50:29","modified_gmt":"2025-03-14T15:50:29","slug":"sidi-maarouf-ouverture-des-17e-dourouss-mohammadia","status":"publish","type":"post","link":"https:\/\/algeriepresse.dz\/?p=12782","title":{"rendered":"Sidi Ma\u00e2rouf:  Ouverture des 17e \u00ab\u00a0Dourouss Mohammadia\u00a0\u00bb"},"content":{"rendered":"<p>La 17e \u00e9dition des \u00ab\u00a0Dourouss Mohammadia\u00a0\u00bb a \u00e9t\u00e9 inaugur\u00e9e, jeudi soir au si\u00e8ge de la Zaou\u00efa Belka\u00efdia El-Hebria, sise dans la localit\u00e9 de Sidi Ma\u00e2rouf, \u00e0 l&rsquo;Est d&rsquo;Oran.<br \/>\nCette \u00e9dition est consacr\u00e9e, cette ann\u00e9e, au th\u00e8me: \u00ab\u00a0Le soufisme, essence de la religion et pilier de l&rsquo;excellence (Ihsan)\u00a0\u00bb.<br \/>\nLa c\u00e9r\u00e9monie d&rsquo;ouverture du colloque, organis\u00e9 annuellement par cette zaou\u00efa \u00e0 l&rsquo;occasion du mois sacr\u00e9 de Ramadhan, s&rsquo;est d\u00e9roul\u00e9e en pr\u00e9sence du ministre des Affaires religieuses et des Wakfs, Youcef Belmehdi. Cette \u00e9dition r\u00e9unit une pl\u00e9iade de savants et de faqihs d&rsquo;Alg\u00e9rie et du monde islamique, notamment d&rsquo;Egypte, du Liban, de Turquie, de Jordanie et du Soudan, qui devront animer des conf\u00e9rences en lien avec le th\u00e8me principal du colloque, dont les travaux se poursuivront jusqu&rsquo;au 21 mars.<br \/>\nLes conf\u00e9rences aborderont plusieurs th\u00e9matiques telles que : \u00ab\u00a0La charia et la v\u00e9rit\u00e9\u00a0\u00bb, \u00ab\u00a0La fondation du soufisme\u00a0\u00bb, \u00ab\u00a0Science et connaissance chez les ma\u00eetres soufis\u00a0\u00bb, \u00ab\u00a0L&rsquo;\u00e9cole Chadhlia et son r\u00f4le au service du soufisme\u00a0\u00bb, \u00ab\u00a0Nos ma\u00eetres Ahl al-Bayt vus par des cheikhs de l&rsquo;\u00e9ducation spirituelle\u00a0\u00bb, ainsi que \u00ab\u00a0Cheikh Sidi Abdelkader El-Djilani El-Hassani\u00a0\u00bb.<br \/>\nD&rsquo;autres interventions sont \u00e9galement pr\u00e9vues, portant sur \u00ab\u00a0Le r\u00f4le des ma\u00eetres soufis au service du Fik&rsquo;h, de la jurice-prudence et de ses sciences dans les quatre rites\u00a0\u00bb, \u00ab\u00a0L&rsquo;impact de la purification spirituelle soufie sur l&rsquo;\u00e9ducation de l&rsquo;\u00e2me et la construction de l&rsquo;\u00eatre humain\u00a0\u00bb, \u00ab\u00a0Les confr\u00e9ries soufies en Alg\u00e9rie\u00a0\u00bb, \u00ab\u00a0Les grandes \u0153uvres des ma\u00eetres soufis\u00a0\u00bb, \u00ab\u00a0La l\u00e9gitimation juridique du soufisme\u00a0\u00bb et \u00ab\u00a0Pour une vie spirituelle fond\u00e9e sur l&rsquo;Ihsan, la tol\u00e9rance, l&rsquo;amour et la paix\u00a0\u00bb, entre autres. Les participants pr\u00e9senteront leurs interventions apr\u00e8s les pri\u00e8res d&rsquo;El-Asr et des Tarawih, indique-t-on.<br \/>\nDes s\u00e9ances scientifiques seront \u00e9galement organis\u00e9es, r\u00e9unissant les conf\u00e9renciers et les \u00e9tudiants de la Zaou\u00efa Belka\u00efdia, qui veille \u00e0 l&rsquo;enseignement du Saint Coran, de la charia et du Fik&rsquo;h.<\/p>\n","protected":false},"excerpt":{"rendered":"<p>La 17e \u00e9dition des \u00ab\u00a0Dourouss Mohammadia\u00a0\u00bb a \u00e9t\u00e9 inaugur\u00e9e, jeudi soir au si\u00e8ge de la Zaou\u00efa Belka\u00efdia El-Hebria, sise dans la localit\u00e9 de Sidi Ma\u00e2rouf, \u00e0 l&rsquo;Est d&rsquo;Oran. Cette \u00e9dition est consacr\u00e9e, cette ann\u00e9e, au th\u00e8me: \u00ab\u00a0Le soufisme, essence de la religion et pilier de l&rsquo;excellence (Ihsan)\u00a0\u00bb. La c\u00e9r\u00e9monie d&rsquo;ouverture du colloque, organis\u00e9 annuellement par &hellip;<\/p>\n","protected":false},"author":2,"featured_media":12783,"comment_status":"closed","ping_status":"closed","sticky":false,"template":"","format":"standard","meta":{"footnotes":""},"categories":[4,6],"tags":[],"class_list":["post-12782","post","type-post","status-publish","format-standard","has-post-thumbnail","hentry","category-a-la-une","category-oran"],"_links":{"self":[{"href":"https:\/\/algeriepresse.dz\/index.php?rest_route=\/wp\/v2\/posts\/12782","targetHints":{"allow":["GET"]}}],"collection":[{"href":"https:\/\/algeriepresse.dz\/index.php?rest_route=\/wp\/v2\/posts"}],"about":[{"href":"https:\/\/algeriepresse.dz\/index.php?rest_route=\/wp\/v2\/types\/post"}],"author":[{"embeddable":true,"href":"https:\/\/algeriepresse.dz\/index.php?rest_route=\/wp\/v2\/users\/2"}],"replies":[{"embeddable":true,"href":"https:\/\/algeriepresse.dz\/index.php?rest_route=%2Fwp%2Fv2%2Fcomments&post=12782"}],"version-history":[{"count":1,"href":"https:\/\/algeriepresse.dz\/index.php?rest_route=\/wp\/v2\/posts\/12782\/revisions"}],"predecessor-version":[{"id":12784,"href":"https:\/\/algeriepresse.dz\/index.php?rest_route=\/wp\/v2\/posts\/12782\/revisions\/12784"}],"wp:featuredmedia":[{"embeddable":true,"href":"https:\/\/algeriepresse.dz\/index.php?rest_route=\/wp\/v2\/media\/12783"}],"wp:attachment":[{"href":"https:\/\/algeriepresse.dz\/index.php?rest_route=%2Fwp%2Fv2%2Fmedia&parent=12782"}],"wp:term":[{"taxonomy":"category","embeddable":true,"href":"https:\/\/algeriepresse.dz\/index.php?rest_route=%2Fwp%2Fv2%2Fcategories&post=12782"},{"taxonomy":"post_tag","embeddable":true,"href":"https:\/\/algeriepresse.dz\/index.php?rest_route=%2Fwp%2Fv2%2Ftags&post=12782"}],"curies":[{"name":"wp","href":"https:\/\/api.w.org\/{rel}","templated":true}]}}