{"id":13163,"date":"2025-04-08T18:32:54","date_gmt":"2025-04-08T17:32:54","guid":{"rendered":"https:\/\/algeriepresse.dz\/?p=13163"},"modified":"2025-04-08T18:33:11","modified_gmt":"2025-04-08T17:33:11","slug":"en-visite-officielle-en-algerie-tebboune-recoit-le-mae-iranien","status":"publish","type":"post","link":"https:\/\/algeriepresse.dz\/?p=13163","title":{"rendered":"En visite officielle en Alg\u00e9rie:  Tebboune re\u00e7oit le MAE iranien"},"content":{"rendered":"<p>Le pr\u00e9sident de la R\u00e9publique, Abdelmadjid Tebboune, a re\u00e7u, hier \u00e0 Alger, le ministre des Affaires \u00e9trang\u00e8res de la R\u00e9publique islamique d&rsquo;Iran, Abbas Araghchi.<br \/>\nL&rsquo;audience s&rsquo;est d\u00e9roul\u00e9e en pr\u00e9sence du directeur de Cabinet \u00e0 la Pr\u00e9sidence de la R\u00e9publique, Boualem Boualem, et du ministre d&rsquo;Etat, ministre des Affaires \u00e9trang\u00e8res, de la Communaut\u00e9 nationale \u00e0 l\u2019\u00e9tranger et des Affaires africaines, Ahmed Attaf. Ce dernier avait rencontr\u00e9 le chef de la diplomatie iranienne, un peu plus t\u00f4t dans la journ\u00e9e, au si\u00e8ge du MAE, lors d\u2019entretiens en t\u00eate-\u00e0-t\u00eate, avant de tenir une s\u00e9ance de travail \u00e9largie aux membres des d\u00e9l\u00e9gations des deux pays.<br \/>\nCes entretiens ont permis aux deux parties de \u00ab\u00a0passer en revue les diff\u00e9rents aspects et dimensions des relations entre l&rsquo;Alg\u00e9rie et l&rsquo;Iran, et d&rsquo;examiner les moyens \u00e0 m\u00eame de les consolider\u00a0\u00bb, selon un communiqu\u00e9 du d\u00e9partement de Attaf.<br \/>\nLes deux parties ont \u00e9galement \u00e9voqu\u00e9 les d\u00e9veloppements de la situation au Proche-Orient en g\u00e9n\u00e9ral, et l&rsquo;\u00e9volution dangereuse de la question palestinienne en particulier, notamment \u00e0 la lumi\u00e8re de la poursuite de l&rsquo;agression abjecte contre le peuple palestinien fr\u00e8re dans la bande de Ghaza, a ajout\u00e9 la m\u00eame source.<br \/>\nLe porte-parole du minist\u00e8re iranien des Affaires \u00e9trang\u00e8res a d\u00e9clar\u00e9 sur cette visite : \u00ab La R\u00e9publique islamique d&rsquo;Iran et l&rsquo;Alg\u00e9rie sont deux pays islamiques qui ont beaucoup en commun. Nous sommes d\u00e9termin\u00e9s \u00e0 renforcer les relations bilat\u00e9rales dans tous les domaines pour le bien des deux nations. \u00bb<br \/>\n<strong>R.N<\/strong><\/p>\n","protected":false},"excerpt":{"rendered":"<p>Le pr\u00e9sident de la R\u00e9publique, Abdelmadjid Tebboune, a re\u00e7u, hier \u00e0 Alger, le ministre des Affaires \u00e9trang\u00e8res de la R\u00e9publique islamique d&rsquo;Iran, Abbas Araghchi. L&rsquo;audience s&rsquo;est d\u00e9roul\u00e9e en pr\u00e9sence du directeur de Cabinet \u00e0 la Pr\u00e9sidence de la R\u00e9publique, Boualem Boualem, et du ministre d&rsquo;Etat, ministre des Affaires \u00e9trang\u00e8res, de la Communaut\u00e9 nationale \u00e0 l\u2019\u00e9tranger &hellip;<\/p>\n","protected":false},"author":2,"featured_media":13164,"comment_status":"closed","ping_status":"closed","sticky":false,"template":"","format":"standard","meta":{"footnotes":""},"categories":[4,5],"tags":[],"class_list":["post-13163","post","type-post","status-publish","format-standard","has-post-thumbnail","hentry","category-a-la-une","category-actualites"],"_links":{"self":[{"href":"https:\/\/algeriepresse.dz\/index.php?rest_route=\/wp\/v2\/posts\/13163","targetHints":{"allow":["GET"]}}],"collection":[{"href":"https:\/\/algeriepresse.dz\/index.php?rest_route=\/wp\/v2\/posts"}],"about":[{"href":"https:\/\/algeriepresse.dz\/index.php?rest_route=\/wp\/v2\/types\/post"}],"author":[{"embeddable":true,"href":"https:\/\/algeriepresse.dz\/index.php?rest_route=\/wp\/v2\/users\/2"}],"replies":[{"embeddable":true,"href":"https:\/\/algeriepresse.dz\/index.php?rest_route=%2Fwp%2Fv2%2Fcomments&post=13163"}],"version-history":[{"count":1,"href":"https:\/\/algeriepresse.dz\/index.php?rest_route=\/wp\/v2\/posts\/13163\/revisions"}],"predecessor-version":[{"id":13165,"href":"https:\/\/algeriepresse.dz\/index.php?rest_route=\/wp\/v2\/posts\/13163\/revisions\/13165"}],"wp:featuredmedia":[{"embeddable":true,"href":"https:\/\/algeriepresse.dz\/index.php?rest_route=\/wp\/v2\/media\/13164"}],"wp:attachment":[{"href":"https:\/\/algeriepresse.dz\/index.php?rest_route=%2Fwp%2Fv2%2Fmedia&parent=13163"}],"wp:term":[{"taxonomy":"category","embeddable":true,"href":"https:\/\/algeriepresse.dz\/index.php?rest_route=%2Fwp%2Fv2%2Fcategories&post=13163"},{"taxonomy":"post_tag","embeddable":true,"href":"https:\/\/algeriepresse.dz\/index.php?rest_route=%2Fwp%2Fv2%2Ftags&post=13163"}],"curies":[{"name":"wp","href":"https:\/\/api.w.org\/{rel}","templated":true}]}}