{"id":13801,"date":"2025-05-12T18:13:48","date_gmt":"2025-05-12T17:13:48","guid":{"rendered":"https:\/\/algeriepresse.dz\/?p=13801"},"modified":"2025-05-12T18:13:48","modified_gmt":"2025-05-12T17:13:48","slug":"lutte-contre-lextremisme-lalgerie-un-modele-regional","status":"publish","type":"post","link":"https:\/\/algeriepresse.dz\/?p=13801","title":{"rendered":"Lutte contre l\u2019extr\u00e9misme: L\u2019Alg\u00e9rie, un mod\u00e8le r\u00e9gional"},"content":{"rendered":"<p>L\u2019Alg\u00e9rie, forte de son exp\u00e9rience unique dans la lutte contre l\u2019extr\u00e9misme violent, s\u2019impose aujourd\u2019hui comme un acteur cl\u00e9 dans la stabilisation de la r\u00e9gion sah\u00e9lienne, a affirm\u00e9 ce lundi Dr. Lakhdar Khemissi Bazzaz, secr\u00e9taire g\u00e9n\u00e9ral de la Ligue des Oul\u00e9mas, Pr\u00eacheurs et Imams des pays du Sahel, lors de son passage dans l\u2019\u00e9mission \u00ab Forum de la Premi\u00e8re \u00bb sur la radio nationale.<br \/>\nSelon lui, l\u2019Alg\u00e9rie a su d\u00e9velopper une approche globale et autonome de la lutte contre le radicalisme, \u00e0 un moment o\u00f9 le reste du monde peinait \u00e0 comprendre l\u2019ampleur et la nature de ce ph\u00e9nom\u00e8ne. Cette d\u00e9marche lui a permis de contrer seule une vague extr\u00e9miste qui, ailleurs, d\u00e9stabilisait des nations enti\u00e8res.<br \/>\nDr. Bazzaz a soulign\u00e9 que l\u2019Afrique, et particuli\u00e8rement la r\u00e9gion du Sahel, est aujourd\u2019hui en premi\u00e8re ligne face \u00e0 une recrudescence de l\u2019extr\u00e9misme, aliment\u00e9e par l\u2019effondrement de groupes comme Daech et Al-Qa\u00efda au Moyen-Orient. Selon les rapports internationaux, plus de 3 200 victimes du terrorisme ont \u00e9t\u00e9 recens\u00e9es en 2024, dont 1 500 au Burkina Faso uniquement, confirmant une tendance inqui\u00e9tante \u00e0 la militarisation des groupes extr\u00e9mistes.<br \/>\nDans ce contexte, l\u2019Alg\u00e9rie plaide pour des solutions africaines aux probl\u00e8mes africains. \u00c0 cet effet, elle a favoris\u00e9 la cr\u00e9ation de m\u00e9canismes r\u00e9gionaux tels que la structure de coordination CIMOC des \u00e9tats-majors africains, et soutenu la mise en place d\u2019un r\u00e9seau religieux r\u00e9gional \u00e0 travers la Ligue des Oul\u00e9mas et Imams des pays du Sahel. Ces dispositifs visent \u00e0 renforcer la coordination s\u00e9curitaire tout en diffusant une interpr\u00e9tation saine et mod\u00e9r\u00e9e de l\u2019islam, capable de contrer les discours radicaux.<br \/>\nDr. Bazzaz a critiqu\u00e9 les approches \u00e9trang\u00e8res, notamment fran\u00e7aises, qui selon lui ont aggrav\u00e9 la situation plut\u00f4t que de la r\u00e9soudre. \u00ab L\u2019ing\u00e9rence ext\u00e9rieure ne peut constituer une solution. L\u2019Afrique doit reprendre en main son destin s\u00e9curitaire \u00bb, a-t-il martel\u00e9.<br \/>\nLe r\u00f4le des institutions religieuses est d\u00e9terminant dans la lutte contre l\u2019extr\u00e9misme, a affirm\u00e9 l\u2019intervenant, car la manipulation du discours religieux est souvent le vecteur initial de la radicalisation. \u00c0 ce titre, il a salu\u00e9 l\u2019ouverture des \u00e9coles coraniques et zaou\u00efas alg\u00e9riennes aux \u00e9lites africaines, et rappel\u00e9 que la future mosqu\u00e9e d\u2019Alger est appel\u00e9e \u00e0 devenir un phare de la pens\u00e9e religieuse mod\u00e9r\u00e9e et panafricaine.<br \/>\nLe chef religieux a mis \u00e9galement en garde contre la mont\u00e9e en puissance des groupes terroristes au Sahel, d\u00e9sormais \u00e9quip\u00e9s d\u2019armes sophistiqu\u00e9es et disposant de structures quasi militaires. Face \u00e0 cette \u00e9volution, il a insist\u00e9 sur la n\u00e9cessit\u00e9 urgente d\u2019unir les forces r\u00e9gionales pour combler les d\u00e9ficits de s\u00e9curit\u00e9 n\u00e9s de l\u2019immensit\u00e9 g\u00e9ographique et de la fragilit\u00e9 socio-\u00e9conomique des \u00c9tats sah\u00e9liens.<br \/>\nEnfin, Dr. Bazzaz a alert\u00e9 sur les motivations \u00e9conomiques r\u00e9elles de certaines puissances \u00e9trang\u00e8res pr\u00e9sentes dans la r\u00e9gion, qui profitent de l\u2019instabilit\u00e9 pour piller les ressources naturelles africaines. Selon lui, la solution la plus durable passe par une mobilisation interne et coordonn\u00e9e des pays du Sahel, en \u00e9cho aux positions constantes d\u00e9fendues par l\u2019Alg\u00e9rie sur la sc\u00e8ne continentale.<br \/>\n\u00ab Plus les \u00c9tats du Sahel affirmeront leur souverainet\u00e9 collective, moins ils d\u00e9pendront de forces ext\u00e9rieures dont la pr\u00e9sence est souvent synonyme de chaos prolong\u00e9 \u00bb, a-t-il conclu.<br \/>\n<strong>Ch.G<\/strong><\/p>\n","protected":false},"excerpt":{"rendered":"<p>L\u2019Alg\u00e9rie, forte de son exp\u00e9rience unique dans la lutte contre l\u2019extr\u00e9misme violent, s\u2019impose aujourd\u2019hui comme un acteur cl\u00e9 dans la stabilisation de la r\u00e9gion sah\u00e9lienne, a affirm\u00e9 ce lundi Dr. Lakhdar Khemissi Bazzaz, secr\u00e9taire g\u00e9n\u00e9ral de la Ligue des Oul\u00e9mas, Pr\u00eacheurs et Imams des pays du Sahel, lors de son passage dans l\u2019\u00e9mission \u00ab Forum &hellip;<\/p>\n","protected":false},"author":2,"featured_media":0,"comment_status":"closed","ping_status":"closed","sticky":false,"template":"","format":"standard","meta":{"footnotes":""},"categories":[5],"tags":[],"class_list":["post-13801","post","type-post","status-publish","format-standard","hentry","category-actualites"],"_links":{"self":[{"href":"https:\/\/algeriepresse.dz\/index.php?rest_route=\/wp\/v2\/posts\/13801","targetHints":{"allow":["GET"]}}],"collection":[{"href":"https:\/\/algeriepresse.dz\/index.php?rest_route=\/wp\/v2\/posts"}],"about":[{"href":"https:\/\/algeriepresse.dz\/index.php?rest_route=\/wp\/v2\/types\/post"}],"author":[{"embeddable":true,"href":"https:\/\/algeriepresse.dz\/index.php?rest_route=\/wp\/v2\/users\/2"}],"replies":[{"embeddable":true,"href":"https:\/\/algeriepresse.dz\/index.php?rest_route=%2Fwp%2Fv2%2Fcomments&post=13801"}],"version-history":[{"count":1,"href":"https:\/\/algeriepresse.dz\/index.php?rest_route=\/wp\/v2\/posts\/13801\/revisions"}],"predecessor-version":[{"id":13802,"href":"https:\/\/algeriepresse.dz\/index.php?rest_route=\/wp\/v2\/posts\/13801\/revisions\/13802"}],"wp:attachment":[{"href":"https:\/\/algeriepresse.dz\/index.php?rest_route=%2Fwp%2Fv2%2Fmedia&parent=13801"}],"wp:term":[{"taxonomy":"category","embeddable":true,"href":"https:\/\/algeriepresse.dz\/index.php?rest_route=%2Fwp%2Fv2%2Fcategories&post=13801"},{"taxonomy":"post_tag","embeddable":true,"href":"https:\/\/algeriepresse.dz\/index.php?rest_route=%2Fwp%2Fv2%2Ftags&post=13801"}],"curies":[{"name":"wp","href":"https:\/\/api.w.org\/{rel}","templated":true}]}}