{"id":15512,"date":"2025-08-09T18:10:05","date_gmt":"2025-08-09T17:10:05","guid":{"rendered":"https:\/\/algeriepresse.dz\/?p=15512"},"modified":"2025-08-09T18:10:05","modified_gmt":"2025-08-09T17:10:05","slug":"relations-algero-francaises-segolene-royal-critique-macron","status":"publish","type":"post","link":"https:\/\/algeriepresse.dz\/?p=15512","title":{"rendered":"Relations Alg\u00e9ro-fran\u00e7aises : S\u00e9gol\u00e8ne Royal critique Macron"},"content":{"rendered":"<p>L\u2019ancienne ministre fran\u00e7aise S\u00e9gol\u00e8ne Royal a vivement critiqu\u00e9 la politique men\u00e9e par le pr\u00e9sident de la R\u00e9publique, Emmanuel Macron, \u00e0 l&rsquo;\u00e9gard de l\u2019Alg\u00e9rie. Dans un message publi\u00e9 vendredi soir sur les r\u00e9seaux sociaux, elle a d\u00e9nonc\u00e9 une \u00ab carte pol\u00e9mique \u00bb brandie comme instrument de diversion face aux crises internes fran\u00e7aises, notamment les incendies d\u00e9vastateurs dans l\u2019Aude et les d\u00e9faillances de la s\u00e9curit\u00e9 civile.<br \/>\n\u00ab Comme \u00e0 chaque fois qu\u2019il faut d\u00e9tourner l\u2019attention\u2026 la carte pol\u00e9mique avec l\u2019Alg\u00e9rie est ressortie \u00bb, a-t-elle affirm\u00e9, tout en pointant l\u2019incapacit\u00e9 du gouvernement \u00e0 r\u00e9pondre efficacement aux urgences nationales.<br \/>\nElle a \u00e9galement mis en garde contre une rentr\u00e9e sociale \u00e0 hauts risques, d\u00e9non\u00e7ant l\u2019absence de mesures concr\u00e8tes pour pr\u00e9venir une nouvelle explosion sociale dans un pays d\u00e9j\u00e0 fragilis\u00e9 par des conflits sociaux persistants. L\u2019ancienne candidate \u00e0 l\u2019Elys\u00e9e a \u00e9galement fustig\u00e9 les postures du ministre de l\u2019Int\u00e9rieur, Bruno Retailleau, qu\u2019elle per\u00e7oit comme un symbole d\u2019une politique nostalgique de la colonisation, incompatible avec les int\u00e9r\u00eats \u00e0 long terme de la France.<br \/>\nPour rappel, la situation entre les deux capitales s\u2019est encore tendue cette semaine. Le pr\u00e9sident Macron a demand\u00e9 la suspension de l\u2019accord de 2013 octroyant des exemptions de visa aux d\u00e9tenteurs de passeports diplomatiques et de service alg\u00e9riens. En r\u00e9ponse, l\u2019Alg\u00e9rie a annonc\u00e9 la r\u00e9siliation d\u00e9finitive de cet accord et l\u2019application stricte du principe de r\u00e9ciprocit\u00e9, d\u00e9sormais applicable aux diplomates fran\u00e7ais<br \/>\nAu premier trimestre 2025, plusieurs incidents ont aggrav\u00e9 la crise avec l\u2019expulsion par Alger de 12 diplomates fran\u00e7ais fin avril, suite \u00e0 l\u2019arrestation d\u2019un agent consulaire alg\u00e9rien \u00e0 Paris. En mai, deux agents des services fran\u00e7ais ont \u00e9t\u00e9 renvoy\u00e9s pour usage de faux passeports diplomatiques. Paris a \u00e9galement menac\u00e9 de revoir l\u2019accord migratoire de 1968, dans le sillage d\u2019une attaque impliquant un ressortissant alg\u00e9rien.<br \/>\nS\u00e9gol\u00e8ne Royal oppose \u00e0 cette spirale le besoin urgent de comp\u00e9tence, de respect et de cr\u00e9dibilit\u00e9 dans les relations avec l\u2019Alg\u00e9rie, rappelant que confier un dossier aussi sensible \u00e0 un ministre aux positions controvers\u00e9es constitue, selon elle, une \u00ab\u00a0erreur fondamentale\u00a0\u00bb.<br \/>\n<strong>T. Feriel<\/strong><\/p>\n","protected":false},"excerpt":{"rendered":"<p>L\u2019ancienne ministre fran\u00e7aise S\u00e9gol\u00e8ne Royal a vivement critiqu\u00e9 la politique men\u00e9e par le pr\u00e9sident de la R\u00e9publique, Emmanuel Macron, \u00e0 l&rsquo;\u00e9gard de l\u2019Alg\u00e9rie. Dans un message publi\u00e9 vendredi soir sur les r\u00e9seaux sociaux, elle a d\u00e9nonc\u00e9 une \u00ab carte pol\u00e9mique \u00bb brandie comme instrument de diversion face aux crises internes fran\u00e7aises, notamment les incendies d\u00e9vastateurs &hellip;<\/p>\n","protected":false},"author":2,"featured_media":15513,"comment_status":"closed","ping_status":"closed","sticky":false,"template":"","format":"standard","meta":{"footnotes":""},"categories":[4,5,28],"tags":[],"class_list":["post-15512","post","type-post","status-publish","format-standard","has-post-thumbnail","hentry","category-a-la-une","category-actualites","category-tie-world"],"_links":{"self":[{"href":"https:\/\/algeriepresse.dz\/index.php?rest_route=\/wp\/v2\/posts\/15512","targetHints":{"allow":["GET"]}}],"collection":[{"href":"https:\/\/algeriepresse.dz\/index.php?rest_route=\/wp\/v2\/posts"}],"about":[{"href":"https:\/\/algeriepresse.dz\/index.php?rest_route=\/wp\/v2\/types\/post"}],"author":[{"embeddable":true,"href":"https:\/\/algeriepresse.dz\/index.php?rest_route=\/wp\/v2\/users\/2"}],"replies":[{"embeddable":true,"href":"https:\/\/algeriepresse.dz\/index.php?rest_route=%2Fwp%2Fv2%2Fcomments&post=15512"}],"version-history":[{"count":1,"href":"https:\/\/algeriepresse.dz\/index.php?rest_route=\/wp\/v2\/posts\/15512\/revisions"}],"predecessor-version":[{"id":15514,"href":"https:\/\/algeriepresse.dz\/index.php?rest_route=\/wp\/v2\/posts\/15512\/revisions\/15514"}],"wp:featuredmedia":[{"embeddable":true,"href":"https:\/\/algeriepresse.dz\/index.php?rest_route=\/wp\/v2\/media\/15513"}],"wp:attachment":[{"href":"https:\/\/algeriepresse.dz\/index.php?rest_route=%2Fwp%2Fv2%2Fmedia&parent=15512"}],"wp:term":[{"taxonomy":"category","embeddable":true,"href":"https:\/\/algeriepresse.dz\/index.php?rest_route=%2Fwp%2Fv2%2Fcategories&post=15512"},{"taxonomy":"post_tag","embeddable":true,"href":"https:\/\/algeriepresse.dz\/index.php?rest_route=%2Fwp%2Fv2%2Ftags&post=15512"}],"curies":[{"name":"wp","href":"https:\/\/api.w.org\/{rel}","templated":true}]}}