{"id":15515,"date":"2025-08-09T18:10:29","date_gmt":"2025-08-09T17:10:29","guid":{"rendered":"https:\/\/algeriepresse.dz\/?p=15515"},"modified":"2025-08-09T18:10:29","modified_gmt":"2025-08-09T17:10:29","slug":"plan-de-reoccupation-de-ghaza-alger-condamne-et-rejette-le-projet-sioniste","status":"publish","type":"post","link":"https:\/\/algeriepresse.dz\/?p=15515","title":{"rendered":"Plan de r\u00e9occupation de Ghaza :Alger condamne et rejette le projet sioniste"},"content":{"rendered":"<p>L\u2019Alg\u00e9rie a exprim\u00e9, ce samedi, sa ferme condamnation et son rejet cat\u00e9gorique du projet de l\u2019entit\u00e9 sioniste visant \u00e0 r\u00e9occuper militairement la bande de Ghaza et \u00e0 en expulser de force la population.<br \/>\nDans un communiqu\u00e9, le minist\u00e8re des Affaires \u00e9trang\u00e8res a d\u00e9nonc\u00e9 \u00ab des projets isra\u00e9liens qui hypoth\u00e8quent l\u2019avenir de la bande de Ghaza, celui de l\u2019\u00c9tat palestinien et la paix dans toute la r\u00e9gion\u00bb.<br \/>\nCette prise de position intervient quelques jours seulement apr\u00e8s la conf\u00e9rence internationale sur la solution \u00e0 deux \u00c9tats, au cours de laquelle la communaut\u00e9 internationale avait r\u00e9affirm\u00e9 que cette option repr\u00e9sentait le seul cadre capable de garantir un r\u00e8glement juste, durable et d\u00e9finitif au conflit isra\u00e9lo-palestinien.<br \/>\nLe d\u00e9partement de Attaf a accus\u00e9 \u00ab la puissance occupante \u00bb de faire preuve d\u2019une \u00ab indiff\u00e9rence totale \u00e0 la volont\u00e9 et aux d\u00e9cisions de la communaut\u00e9 internationale \u00bb en planifiant la r\u00e9occupation militaire de Ghaza et l\u2019expulsion forc\u00e9e de ses habitants.<br \/>\nR\u00e9affirmant que la bande de Ghaza fait partie int\u00e9grante des territoires palestiniens occup\u00e9s et constitue un \u00e9l\u00e9ment indissociable de l\u2019\u00c9tat palestinien reconnu par la l\u00e9gitimit\u00e9 internationale, Alger a appel\u00e9 la communaut\u00e9 internationale, et particuli\u00e8rement le Conseil de s\u00e9curit\u00e9 de l\u2019ONU, \u00e0 assumer ses responsabilit\u00e9s pour mettre fin \u00e0 ces projets et stopper \u00ab la guerre d\u2019extermination men\u00e9e contre le peuple palestinien depuis pr\u00e8s de deux ans \u00bb.<br \/>\nL\u2019Alg\u00e9rie a \u00e9galement insist\u00e9 sur l\u2019urgence d\u2019agir face aux conditions humanitaires catastrophiques qui frappent la bande de Ghaza. Elle a r\u00e9it\u00e9r\u00e9 que la cr\u00e9ation d\u2019un \u00c9tat palestinien ind\u00e9pendant et souverain, avec pour capitale Al-Qods Echarif, constitue \u00ab un droit historique inali\u00e9nable, imprescriptible et non n\u00e9gociable \u00bb.<br \/>\nM. Salah<\/p>\n","protected":false},"excerpt":{"rendered":"<p>L\u2019Alg\u00e9rie a exprim\u00e9, ce samedi, sa ferme condamnation et son rejet cat\u00e9gorique du projet de l\u2019entit\u00e9 sioniste visant \u00e0 r\u00e9occuper militairement la bande de Ghaza et \u00e0 en expulser de force la population. Dans un communiqu\u00e9, le minist\u00e8re des Affaires \u00e9trang\u00e8res a d\u00e9nonc\u00e9 \u00ab des projets isra\u00e9liens qui hypoth\u00e8quent l\u2019avenir de la bande de Ghaza, &hellip;<\/p>\n","protected":false},"author":2,"featured_media":15516,"comment_status":"closed","ping_status":"closed","sticky":false,"template":"","format":"standard","meta":{"footnotes":""},"categories":[4,5,28],"tags":[],"class_list":["post-15515","post","type-post","status-publish","format-standard","has-post-thumbnail","hentry","category-a-la-une","category-actualites","category-tie-world"],"_links":{"self":[{"href":"https:\/\/algeriepresse.dz\/index.php?rest_route=\/wp\/v2\/posts\/15515","targetHints":{"allow":["GET"]}}],"collection":[{"href":"https:\/\/algeriepresse.dz\/index.php?rest_route=\/wp\/v2\/posts"}],"about":[{"href":"https:\/\/algeriepresse.dz\/index.php?rest_route=\/wp\/v2\/types\/post"}],"author":[{"embeddable":true,"href":"https:\/\/algeriepresse.dz\/index.php?rest_route=\/wp\/v2\/users\/2"}],"replies":[{"embeddable":true,"href":"https:\/\/algeriepresse.dz\/index.php?rest_route=%2Fwp%2Fv2%2Fcomments&post=15515"}],"version-history":[{"count":1,"href":"https:\/\/algeriepresse.dz\/index.php?rest_route=\/wp\/v2\/posts\/15515\/revisions"}],"predecessor-version":[{"id":15517,"href":"https:\/\/algeriepresse.dz\/index.php?rest_route=\/wp\/v2\/posts\/15515\/revisions\/15517"}],"wp:featuredmedia":[{"embeddable":true,"href":"https:\/\/algeriepresse.dz\/index.php?rest_route=\/wp\/v2\/media\/15516"}],"wp:attachment":[{"href":"https:\/\/algeriepresse.dz\/index.php?rest_route=%2Fwp%2Fv2%2Fmedia&parent=15515"}],"wp:term":[{"taxonomy":"category","embeddable":true,"href":"https:\/\/algeriepresse.dz\/index.php?rest_route=%2Fwp%2Fv2%2Fcategories&post=15515"},{"taxonomy":"post_tag","embeddable":true,"href":"https:\/\/algeriepresse.dz\/index.php?rest_route=%2Fwp%2Fv2%2Ftags&post=15515"}],"curies":[{"name":"wp","href":"https:\/\/api.w.org\/{rel}","templated":true}]}}