{"id":15702,"date":"2025-08-18T18:54:18","date_gmt":"2025-08-18T17:54:18","guid":{"rendered":"https:\/\/algeriepresse.dz\/?p=15702"},"modified":"2025-08-18T18:54:18","modified_gmt":"2025-08-18T17:54:18","slug":"fiee-2025-le-digital-et-linnovation-au-coeur-del-bahia","status":"publish","type":"post","link":"https:\/\/algeriepresse.dz\/?p=15702","title":{"rendered":"FIEE 2025  : Le digital et l\u2019innovation au c\u0153ur d\u2019El Bahia"},"content":{"rendered":"<p>Oran s\u2019appr\u00eate \u00e0 accueillir, du 8 au 10 septembre 2025, la Foire de l\u2019informatique, de l\u2019\u00e9lectronique et du e-commerce (FIEE). Organis\u00e9e au Centre des Conventions d\u2019Oran (CCO), cette manifestation ambitionne de rassembler professionnels, entrepreneurs et passionn\u00e9s autour des derni\u00e8res innovations et des opportunit\u00e9s offertes par le num\u00e9rique et le commerce en ligne.<br \/>\nCette \u00e9dition 2025 se veut \u00eatre un carrefour incontournable pour tous ceux qui s\u2019int\u00e9ressent au digital et \u00e0 l\u2019\u00e9volution des technologies dans le contexte alg\u00e9rien et r\u00e9gional. Les visiteurs pourront d\u00e9couvrir des solutions innovantes dans le domaine de l\u2019informatique, des \u00e9quipements \u00e9lectroniques et des services li\u00e9s \u00e0 l\u2019e-commerce, tout en \u00e9changeant directement avec les acteurs majeurs du secteur. Pour les entreprises, c\u2019est \u00e9galement l\u2019occasion de pr\u00e9senter leurs nouveaut\u00e9s, de nouer des partenariats strat\u00e9giques et d\u2019\u00e9valuer les tendances qui fa\u00e7onnent le march\u00e9.<br \/>\nLa foire s\u2019\u00e9tendra sur plusieurs espaces th\u00e9matiques o\u00f9 les exposants offriront des d\u00e9monstrations en direct, des ateliers pratiques et des conf\u00e9rences sur des sujets vari\u00e9s : cybers\u00e9curit\u00e9, intelligence artificielle, marketing digital, solutions logistiques pour le commerce en ligne et technologies professionnelles pour les entreprises. L\u2019\u00e9v\u00e9nement promet ainsi d\u2019\u00eatre un lieu d\u2019apprentissage autant que de r\u00e9seautage, offrant aux participants un aper\u00e7u concret des innovations capables de transformer leur quotidien professionnel.<br \/>\nAu-del\u00e0 des aspects techniques et commerciaux, LA FIEE ambitionne \u00e9galement de sensibiliser les jeunes talents et \u00e9tudiants aux opportunit\u00e9s offertes par le secteur num\u00e9rique. Plusieurs institutions \u00e9ducatives et startups locales seront pr\u00e9sentes pour pr\u00e9senter leurs projets et partager leurs exp\u00e9riences, dans un contexte o\u00f9 le digital repr\u00e9sente un levier majeur pour l\u2019emploi et l\u2019entrepreneuriat.<br \/>\n<strong>O.A Nadir<\/strong><\/p>\n","protected":false},"excerpt":{"rendered":"<p>Oran s\u2019appr\u00eate \u00e0 accueillir, du 8 au 10 septembre 2025, la Foire de l\u2019informatique, de l\u2019\u00e9lectronique et du e-commerce (FIEE). Organis\u00e9e au Centre des Conventions d\u2019Oran (CCO), cette manifestation ambitionne de rassembler professionnels, entrepreneurs et passionn\u00e9s autour des derni\u00e8res innovations et des opportunit\u00e9s offertes par le num\u00e9rique et le commerce en ligne. Cette \u00e9dition 2025 &hellip;<\/p>\n","protected":false},"author":2,"featured_media":0,"comment_status":"closed","ping_status":"closed","sticky":false,"template":"","format":"standard","meta":{"footnotes":""},"categories":[4,6],"tags":[],"class_list":["post-15702","post","type-post","status-publish","format-standard","hentry","category-a-la-une","category-oran"],"_links":{"self":[{"href":"https:\/\/algeriepresse.dz\/index.php?rest_route=\/wp\/v2\/posts\/15702","targetHints":{"allow":["GET"]}}],"collection":[{"href":"https:\/\/algeriepresse.dz\/index.php?rest_route=\/wp\/v2\/posts"}],"about":[{"href":"https:\/\/algeriepresse.dz\/index.php?rest_route=\/wp\/v2\/types\/post"}],"author":[{"embeddable":true,"href":"https:\/\/algeriepresse.dz\/index.php?rest_route=\/wp\/v2\/users\/2"}],"replies":[{"embeddable":true,"href":"https:\/\/algeriepresse.dz\/index.php?rest_route=%2Fwp%2Fv2%2Fcomments&post=15702"}],"version-history":[{"count":1,"href":"https:\/\/algeriepresse.dz\/index.php?rest_route=\/wp\/v2\/posts\/15702\/revisions"}],"predecessor-version":[{"id":15703,"href":"https:\/\/algeriepresse.dz\/index.php?rest_route=\/wp\/v2\/posts\/15702\/revisions\/15703"}],"wp:attachment":[{"href":"https:\/\/algeriepresse.dz\/index.php?rest_route=%2Fwp%2Fv2%2Fmedia&parent=15702"}],"wp:term":[{"taxonomy":"category","embeddable":true,"href":"https:\/\/algeriepresse.dz\/index.php?rest_route=%2Fwp%2Fv2%2Fcategories&post=15702"},{"taxonomy":"post_tag","embeddable":true,"href":"https:\/\/algeriepresse.dz\/index.php?rest_route=%2Fwp%2Fv2%2Ftags&post=15702"}],"curies":[{"name":"wp","href":"https:\/\/api.w.org\/{rel}","templated":true}]}}