{"id":1583,"date":"2023-07-19T17:26:35","date_gmt":"2023-07-19T17:26:35","guid":{"rendered":"https:\/\/algeriepresse.dz\/?p=1583"},"modified":"2023-07-19T17:26:35","modified_gmt":"2023-07-19T17:26:35","slug":"lutte-contre-les-feux-de-foret-et-campagne-moisson-battage-les-dossiers-prioritaires-du-secteur-de-lagriculture","status":"publish","type":"post","link":"https:\/\/algeriepresse.dz\/?p=1583","title":{"rendered":"Lutte contre les feux de for\u00eat  et campagne moisson-battage : Les dossiers prioritaires du secteur de l\u2019Agriculture"},"content":{"rendered":"<p><strong>Le ministre de l&rsquo;Agriculture et du D\u00e9veloppement rural, Mohamed Abdelhafid Henni, a pr\u00e9sid\u00e9, mardi, une r\u00e9union de coordination pour suivre les dossiers du secteur, \u00e0 leur t\u00eate la pr\u00e9vention et la lutte contre les feux de for\u00eat et la campagne moisson-battage, a indiqu\u00e9 un communiqu\u00e9 du minist\u00e8re.<\/strong><br \/>\nA ce propos, le ministre a affirm\u00e9 que l&rsquo;\u00e9tat d&rsquo;alerte maximale et la mobilisation de tous les personnels relevant de la Direction g\u00e9n\u00e9rale des for\u00eats restaient de mise dans le cadre de l&rsquo;activation permanente du Plan national de pr\u00e9vention et de lutte contre les feux de for\u00eat, a pr\u00e9cis\u00e9 le communiqu\u00e9.<br \/>\nLors de cette r\u00e9union, des expos\u00e9s ont \u00e9t\u00e9 pr\u00e9sent\u00e9s sur l&rsquo;\u00e9tat d&rsquo;avancement de la campagne moisson-battage, les effets de la faible pluviom\u00e9trie, les r\u00e9centes inondations dans certaines wilayas et les mesures prises, en coordination avec l&rsquo;Union nationale des paysans alg\u00e9riens (UNPA), la Chambre nationale d&rsquo;agriculture (CNA) et la Caisse nationale de mutualit\u00e9 agricole (CNMA), pour examiner les dossiers de tous les sinistr\u00e9s dans les meilleurs d\u00e9lais en vue de relancer l&rsquo;activit\u00e9 agricole et de soutenir les agriculteurs impact\u00e9s.<br \/>\nLes participants ont \u00e9galement abord\u00e9 le dossier de l&rsquo;utilisation des eaux trait\u00e9es dans l&rsquo;agriculture pour att\u00e9nuer les effets du changement climatique, notamment le manque d&rsquo;eau, et ce, en coordination avec le minist\u00e8re des Ressources en eau.<br \/>\nUn expos\u00e9 sur l&rsquo;\u00e9tat d&rsquo;avancement du programme national de renforcement des capacit\u00e9s de stockage, visant \u00e0 porter les capacit\u00e9s \u00e0 90 millions de quintaux, a \u00e9t\u00e9 pr\u00e9sent\u00e9 \u00e0 cette occasion.<br \/>\nLes pr\u00e9paratifs relatifs \u00e0 la Banque nationale de g\u00e8nes ont aussi \u00e9t\u00e9 examin\u00e9s, selon le communiqu\u00e9, qui a relev\u00e9 que des mesures avaient \u00e9t\u00e9 prises pour collecter plus de 80.000 souches jusqu&rsquo;\u00e0 2024.<br \/>\nA l&rsquo;occasion de la saison estivale, la r\u00e9union a abord\u00e9 les mesures prises au niveau des 14 wilayas c\u00f4ti\u00e8res, qui enregistrent une forte affluence des visiteurs, pour approvisionner le march\u00e9 national en lait subventionn\u00e9 et assurer l&rsquo;abondance des produits agricoles de large consommation.<\/p>\n","protected":false},"excerpt":{"rendered":"<p>Le ministre de l&rsquo;Agriculture et du D\u00e9veloppement rural, Mohamed Abdelhafid Henni, a pr\u00e9sid\u00e9, mardi, une r\u00e9union de coordination pour suivre les dossiers du secteur, \u00e0 leur t\u00eate la pr\u00e9vention et la lutte contre les feux de for\u00eat et la campagne moisson-battage, a indiqu\u00e9 un communiqu\u00e9 du minist\u00e8re. A ce propos, le ministre a affirm\u00e9 que &hellip;<\/p>\n","protected":false},"author":2,"featured_media":1588,"comment_status":"closed","ping_status":"closed","sticky":false,"template":"","format":"standard","meta":{"footnotes":""},"categories":[4,5],"tags":[],"class_list":["post-1583","post","type-post","status-publish","format-standard","has-post-thumbnail","hentry","category-a-la-une","category-actualites"],"_links":{"self":[{"href":"https:\/\/algeriepresse.dz\/index.php?rest_route=\/wp\/v2\/posts\/1583","targetHints":{"allow":["GET"]}}],"collection":[{"href":"https:\/\/algeriepresse.dz\/index.php?rest_route=\/wp\/v2\/posts"}],"about":[{"href":"https:\/\/algeriepresse.dz\/index.php?rest_route=\/wp\/v2\/types\/post"}],"author":[{"embeddable":true,"href":"https:\/\/algeriepresse.dz\/index.php?rest_route=\/wp\/v2\/users\/2"}],"replies":[{"embeddable":true,"href":"https:\/\/algeriepresse.dz\/index.php?rest_route=%2Fwp%2Fv2%2Fcomments&post=1583"}],"version-history":[{"count":1,"href":"https:\/\/algeriepresse.dz\/index.php?rest_route=\/wp\/v2\/posts\/1583\/revisions"}],"predecessor-version":[{"id":1589,"href":"https:\/\/algeriepresse.dz\/index.php?rest_route=\/wp\/v2\/posts\/1583\/revisions\/1589"}],"wp:featuredmedia":[{"embeddable":true,"href":"https:\/\/algeriepresse.dz\/index.php?rest_route=\/wp\/v2\/media\/1588"}],"wp:attachment":[{"href":"https:\/\/algeriepresse.dz\/index.php?rest_route=%2Fwp%2Fv2%2Fmedia&parent=1583"}],"wp:term":[{"taxonomy":"category","embeddable":true,"href":"https:\/\/algeriepresse.dz\/index.php?rest_route=%2Fwp%2Fv2%2Fcategories&post=1583"},{"taxonomy":"post_tag","embeddable":true,"href":"https:\/\/algeriepresse.dz\/index.php?rest_route=%2Fwp%2Fv2%2Ftags&post=1583"}],"curies":[{"name":"wp","href":"https:\/\/api.w.org\/{rel}","templated":true}]}}