{"id":17387,"date":"2025-11-04T19:19:08","date_gmt":"2025-11-04T18:19:08","guid":{"rendered":"https:\/\/algeriepresse.dz\/?p=17387"},"modified":"2025-11-04T19:19:08","modified_gmt":"2025-11-04T18:19:08","slug":"soutien-au-developpement-alger-appelle-a-une-convergence-fiscale-africaine","status":"publish","type":"post","link":"https:\/\/algeriepresse.dz\/?p=17387","title":{"rendered":"Soutien au d\u00e9veloppement:  Alger appelle \u00e0 une convergence fiscale africaine"},"content":{"rendered":"<p>Le ministre des Finances, Abdelkrim Bouzred, a soulign\u00e9 mardi \u00e0 Alger le r\u00f4le strat\u00e9gique que joue la fiscalit\u00e9 dans la r\u00e9alisation des objectifs de d\u00e9veloppement en Afrique. Intervenant \u00e0 l\u2019ouverture officielle des travaux du Forum africain des administrations fiscales (ATAF), organis\u00e9 au Centre international des conf\u00e9rences \u00ab Abdelatif Rahal \u00bb, le ministre a appel\u00e9 \u00e0 une mobilisation collective des \u00c9tats africains pour b\u00e2tir des syst\u00e8mes fiscaux plus \u00e9quitables, efficaces et adapt\u00e9s aux r\u00e9alit\u00e9s du continent.<br \/>\nPlac\u00e9e sous le th\u00e8me \u00ab Adopter des approches efficaces et cibl\u00e9es pour des syst\u00e8mes fiscaux \u00e9quitables \u00bb, cette rencontre a r\u00e9uni des membres du gouvernement, des repr\u00e9sentants d\u2019organisations internationales, des chefs d\u2019entreprise et des d\u00e9l\u00e9gations fiscales africaines. Abdelkrim Bouzred a affirm\u00e9 que ce forum peut jouer un r\u00f4le d\u00e9terminant dans la coordination des efforts africains pour atteindre les objectifs de performance et de d\u00e9veloppement, tout en garantissant une gestion \u00e9quilibr\u00e9e et socialement juste.<br \/>\nLe pr\u00e9sident du forum, Edward Kieswetter, a appel\u00e9 \u00e0 une synergie continentale pour concr\u00e9tiser la vision de l\u2019Agenda 2063 de l\u2019Union africaine, qui ambitionne une Afrique int\u00e9gr\u00e9e, prosp\u00e8re et financi\u00e8rement autonome. Il a salu\u00e9 les avanc\u00e9es r\u00e9alis\u00e9es dans la num\u00e9risation des syst\u00e8mes fiscaux et la lutte contre les flux financiers illicites, ayant permis la r\u00e9cup\u00e9ration de milliards de dollars au profit des peuples africains.<br \/>\nLa secr\u00e9taire ex\u00e9cutive du forum, Mary Baine, a insist\u00e9 sur le r\u00f4le strat\u00e9gique des recettes fiscales dans le financement du d\u00e9veloppement durable. Elle a r\u00e9v\u00e9l\u00e9 que le ratio moyen imp\u00f4ts\/PIB en Afrique est de 15 %, bien en de\u00e7\u00e0 des 20 % observ\u00e9s dans les pays d\u00e9velopp\u00e9s. Elle a annonc\u00e9 le lancement de l\u2019initiative \u00ab Revenue for Development Option \u00bb, visant \u00e0 g\u00e9n\u00e9rer jusqu\u2019\u00e0 10 milliards de dollars suppl\u00e9mentaires d\u2019ici 2030, en renfor\u00e7ant la transformation num\u00e9rique des administrations fiscales.<br \/>\nG. Salima<\/p>\n","protected":false},"excerpt":{"rendered":"<p>Le ministre des Finances, Abdelkrim Bouzred, a soulign\u00e9 mardi \u00e0 Alger le r\u00f4le strat\u00e9gique que joue la fiscalit\u00e9 dans la r\u00e9alisation des objectifs de d\u00e9veloppement en Afrique. Intervenant \u00e0 l\u2019ouverture officielle des travaux du Forum africain des administrations fiscales (ATAF), organis\u00e9 au Centre international des conf\u00e9rences \u00ab Abdelatif Rahal \u00bb, le ministre a appel\u00e9 \u00e0 &hellip;<\/p>\n","protected":false},"author":2,"featured_media":2988,"comment_status":"closed","ping_status":"closed","sticky":false,"template":"","format":"standard","meta":{"footnotes":""},"categories":[4,5],"tags":[],"class_list":["post-17387","post","type-post","status-publish","format-standard","has-post-thumbnail","hentry","category-a-la-une","category-actualites"],"_links":{"self":[{"href":"https:\/\/algeriepresse.dz\/index.php?rest_route=\/wp\/v2\/posts\/17387","targetHints":{"allow":["GET"]}}],"collection":[{"href":"https:\/\/algeriepresse.dz\/index.php?rest_route=\/wp\/v2\/posts"}],"about":[{"href":"https:\/\/algeriepresse.dz\/index.php?rest_route=\/wp\/v2\/types\/post"}],"author":[{"embeddable":true,"href":"https:\/\/algeriepresse.dz\/index.php?rest_route=\/wp\/v2\/users\/2"}],"replies":[{"embeddable":true,"href":"https:\/\/algeriepresse.dz\/index.php?rest_route=%2Fwp%2Fv2%2Fcomments&post=17387"}],"version-history":[{"count":1,"href":"https:\/\/algeriepresse.dz\/index.php?rest_route=\/wp\/v2\/posts\/17387\/revisions"}],"predecessor-version":[{"id":17388,"href":"https:\/\/algeriepresse.dz\/index.php?rest_route=\/wp\/v2\/posts\/17387\/revisions\/17388"}],"wp:featuredmedia":[{"embeddable":true,"href":"https:\/\/algeriepresse.dz\/index.php?rest_route=\/wp\/v2\/media\/2988"}],"wp:attachment":[{"href":"https:\/\/algeriepresse.dz\/index.php?rest_route=%2Fwp%2Fv2%2Fmedia&parent=17387"}],"wp:term":[{"taxonomy":"category","embeddable":true,"href":"https:\/\/algeriepresse.dz\/index.php?rest_route=%2Fwp%2Fv2%2Fcategories&post=17387"},{"taxonomy":"post_tag","embeddable":true,"href":"https:\/\/algeriepresse.dz\/index.php?rest_route=%2Fwp%2Fv2%2Ftags&post=17387"}],"curies":[{"name":"wp","href":"https:\/\/api.w.org\/{rel}","templated":true}]}}