{"id":18189,"date":"2025-12-12T17:56:22","date_gmt":"2025-12-12T16:56:22","guid":{"rendered":"https:\/\/algeriepresse.dz\/?p=18189"},"modified":"2025-12-12T17:56:22","modified_gmt":"2025-12-12T16:56:22","slug":"perturbation-dans-lapprovisionnement-en-eau-derbal-appelle-a-reduire-les-interruptions-techniques","status":"publish","type":"post","link":"https:\/\/algeriepresse.dz\/?p=18189","title":{"rendered":"Perturbation dans l\u2019approvisionnement en eau : Derbal appelle \u00e0 r\u00e9duire les interruptions techniques"},"content":{"rendered":"<p>Le ministre des Ressources en eau, Taha Derbal, a effectu\u00e9 jeudi une visite de travail \u00e0 Oran afin d\u2019\u00e9valuer la situation de l\u2019approvisionnement en eau potable dans la wilaya. Accompagn\u00e9 du wali, Brahim Ouchene, il s\u2019est notamment rendu au si\u00e8ge de la soci\u00e9t\u00e9 SEOR, o\u00f9 une pr\u00e9sentation d\u00e9taill\u00e9e du service public de distribution de l\u2019eau a \u00e9t\u00e9 faite par le directeur de l\u2019entreprise.<br \/>\nAu cours de cette s\u00e9ance, le ministre a rappel\u00e9 que l\u2019acc\u00e8s \u00e0 l\u2019eau demeure une priorit\u00e9 absolue pour l\u2019Etat, qui a investi massivement dans des projets structurants destin\u00e9s \u00e0 s\u00e9curiser cette ressource vitale. Il a insist\u00e9 sur la n\u00e9cessit\u00e9 de diversifier les sources d\u2019alimentation, de renforcer l\u2019interconnexion entre les syst\u00e8mes et d\u2019accorder une grande importance aux op\u00e9rations de maintenance. Selon lui, l\u2019\u00e9laboration de sc\u00e9narios d\u2019anticipation pour faire face \u00e0 d\u2019\u00e9ventuelles situations d\u2019urgence constitue un \u00e9l\u00e9ment essentiel pour garantir la continuit\u00e9 du service.<br \/>\nTaha Derbal a \u00e9galement appel\u00e9 \u00e0 r\u00e9duire les interruptions techniques et \u00e0 mettre en \u0153uvre toutes les mesures n\u00e9cessaires pour assurer un approvisionnement stable, en toutes circonstances. Il a rappel\u00e9 que plusieurs stations de dessalement de l\u2019eau de mer ont \u00e9t\u00e9 r\u00e9alis\u00e9es, tout en soulignant l\u2019importance de renforcer ces infrastructures pour \u00e9viter la d\u00e9pendance \u00e0 une seule source.<br \/>\nLe ministre qui a r\u00e9affirm\u00e9 l&rsquo;engagement du secteur \u00e0 garantir une eau potable de qualit\u00e9 aux habitants d\u2019Oran, a appel\u00e9 \u00e0 une coordination permanente entre les diff\u00e9rents services techniques, en particulier avec SEOR afin d\u2019am\u00e9liorer la qualit\u00e9 du service public. Il a \u00e9galement insist\u00e9 sur la n\u00e9cessit\u00e9 pour tous les intervenants d\u2019\u00e9laborer des plans d\u2019urgence pr\u00e9ventifs pour \u00e9viter toute perturbation susceptible d\u2019affecter la vie quotidienne des citoyens.<br \/>\nDans la seconde partie de la visite, le ministre s\u2019est rendu au bassin de stockage de Dzioua, \u00e0 A\u00efn T\u00e9mouchent, d\u2019une capacit\u00e9 de 13 millions de m\u00b3. Consid\u00e9r\u00e9 comme une r\u00e9serve strat\u00e9gique, ce bassin permet d\u2019alimenter en eau potable les wilayas d\u2019Oran et d\u2019A\u00efn T\u00e9mouchent en cas de situation exceptionnelle. G\u00e9r\u00e9 par la SEOR, il joue un r\u00f4le essentiel dans la s\u00e9curisation de l\u2019approvisionnement.<br \/>\nTaha Derbal a ensuite donn\u00e9 le coup d\u2019envoi de l\u2019op\u00e9ration de renforcement et de remplissage du r\u00e9servoir \u00e0 partir du barrage de Sekkak, situ\u00e9 dans la wilaya de Tlemcen. Cette d\u00e9marche s\u2019inscrit dans la strat\u00e9gie nationale d\u2019interconnexion des syst\u00e8mes de transfert d\u2019eau, visant \u00e0 renforcer la solidarit\u00e9 hydraulique entre les r\u00e9gions les mieux dot\u00e9es et celles qui le sont moins. L\u2019objectif est de permettre une gestion plus flexible du r\u00e9seau, au b\u00e9n\u00e9fice direct du citoyen, et d\u2019assurer un service public conforme aux attentes de la population.<br \/>\nR.L<\/p>\n","protected":false},"excerpt":{"rendered":"<p>Le ministre des Ressources en eau, Taha Derbal, a effectu\u00e9 jeudi une visite de travail \u00e0 Oran afin d\u2019\u00e9valuer la situation de l\u2019approvisionnement en eau potable dans la wilaya. Accompagn\u00e9 du wali, Brahim Ouchene, il s\u2019est notamment rendu au si\u00e8ge de la soci\u00e9t\u00e9 SEOR, o\u00f9 une pr\u00e9sentation d\u00e9taill\u00e9e du service public de distribution de l\u2019eau &hellip;<\/p>\n","protected":false},"author":2,"featured_media":18190,"comment_status":"closed","ping_status":"closed","sticky":false,"template":"","format":"standard","meta":{"footnotes":""},"categories":[4,6],"tags":[],"class_list":["post-18189","post","type-post","status-publish","format-standard","has-post-thumbnail","hentry","category-a-la-une","category-oran"],"_links":{"self":[{"href":"https:\/\/algeriepresse.dz\/index.php?rest_route=\/wp\/v2\/posts\/18189","targetHints":{"allow":["GET"]}}],"collection":[{"href":"https:\/\/algeriepresse.dz\/index.php?rest_route=\/wp\/v2\/posts"}],"about":[{"href":"https:\/\/algeriepresse.dz\/index.php?rest_route=\/wp\/v2\/types\/post"}],"author":[{"embeddable":true,"href":"https:\/\/algeriepresse.dz\/index.php?rest_route=\/wp\/v2\/users\/2"}],"replies":[{"embeddable":true,"href":"https:\/\/algeriepresse.dz\/index.php?rest_route=%2Fwp%2Fv2%2Fcomments&post=18189"}],"version-history":[{"count":1,"href":"https:\/\/algeriepresse.dz\/index.php?rest_route=\/wp\/v2\/posts\/18189\/revisions"}],"predecessor-version":[{"id":18191,"href":"https:\/\/algeriepresse.dz\/index.php?rest_route=\/wp\/v2\/posts\/18189\/revisions\/18191"}],"wp:featuredmedia":[{"embeddable":true,"href":"https:\/\/algeriepresse.dz\/index.php?rest_route=\/wp\/v2\/media\/18190"}],"wp:attachment":[{"href":"https:\/\/algeriepresse.dz\/index.php?rest_route=%2Fwp%2Fv2%2Fmedia&parent=18189"}],"wp:term":[{"taxonomy":"category","embeddable":true,"href":"https:\/\/algeriepresse.dz\/index.php?rest_route=%2Fwp%2Fv2%2Fcategories&post=18189"},{"taxonomy":"post_tag","embeddable":true,"href":"https:\/\/algeriepresse.dz\/index.php?rest_route=%2Fwp%2Fv2%2Ftags&post=18189"}],"curies":[{"name":"wp","href":"https:\/\/api.w.org\/{rel}","templated":true}]}}