{"id":18236,"date":"2025-12-14T18:30:46","date_gmt":"2025-12-14T17:30:46","guid":{"rendered":"https:\/\/algeriepresse.dz\/?p=18236"},"modified":"2025-12-14T18:30:46","modified_gmt":"2025-12-14T17:30:46","slug":"formation-professionnelle-les-inscriptions-pour-fevrier-ont-debute-hier","status":"publish","type":"post","link":"https:\/\/algeriepresse.dz\/?p=18236","title":{"rendered":"Formation professionnelle: Les inscriptions pour F\u00e9vrier ont d\u00e9but\u00e9 hier"},"content":{"rendered":"<p>Les inscriptions dans les \u00e9tablissements de formation professionnelle au niveau national pour la session F\u00e9vrier 2026 ont d\u00e9but\u00e9 dimanche exclusivement via la plateforme num\u00e9rique www.takwin.dz , indique un communiqu\u00e9 du minist\u00e8re de la Formation et de l&rsquo;Enseignement professionnels.<br \/>\nLes inscriptions \u00e0 cette session, plac\u00e9e sous le slogan \u00abVers une formation de qualit\u00e9 et des comp\u00e9tences pour l&rsquo;avenir\u00bb, sont ouvertes jusqu&rsquo;au 7 f\u00e9vrier prochain, a pr\u00e9cis\u00e9 le minist\u00e8re.<br \/>\nLes \u00e9tablissements de la formation et de l&rsquo;enseignement professionnels proposent diverses sp\u00e9cialit\u00e9s, permettant aux jeunes \u00abd&rsquo;acqu\u00e9rir de nouvelles comp\u00e9tences, de renforcer leurs capacit\u00e9s et de construire un parcours professionnel adapt\u00e9 aux exigences du march\u00e9 du travail\u00bb, a soulign\u00e9 le minist\u00e8re, les invitant \u00e0 s&rsquo;inscrire et \u00e0 b\u00e9n\u00e9ficier des opportunit\u00e9s de formation offertes.<\/p>\n","protected":false},"excerpt":{"rendered":"<p>Les inscriptions dans les \u00e9tablissements de formation professionnelle au niveau national pour la session F\u00e9vrier 2026 ont d\u00e9but\u00e9 dimanche exclusivement via la plateforme num\u00e9rique www.takwin.dz , indique un communiqu\u00e9 du minist\u00e8re de la Formation et de l&rsquo;Enseignement professionnels. Les inscriptions \u00e0 cette session, plac\u00e9e sous le slogan \u00abVers une formation de qualit\u00e9 et des comp\u00e9tences &hellip;<\/p>\n","protected":false},"author":2,"featured_media":18240,"comment_status":"closed","ping_status":"closed","sticky":false,"template":"","format":"standard","meta":{"footnotes":""},"categories":[4,5],"tags":[],"class_list":["post-18236","post","type-post","status-publish","format-standard","has-post-thumbnail","hentry","category-a-la-une","category-actualites"],"_links":{"self":[{"href":"https:\/\/algeriepresse.dz\/index.php?rest_route=\/wp\/v2\/posts\/18236","targetHints":{"allow":["GET"]}}],"collection":[{"href":"https:\/\/algeriepresse.dz\/index.php?rest_route=\/wp\/v2\/posts"}],"about":[{"href":"https:\/\/algeriepresse.dz\/index.php?rest_route=\/wp\/v2\/types\/post"}],"author":[{"embeddable":true,"href":"https:\/\/algeriepresse.dz\/index.php?rest_route=\/wp\/v2\/users\/2"}],"replies":[{"embeddable":true,"href":"https:\/\/algeriepresse.dz\/index.php?rest_route=%2Fwp%2Fv2%2Fcomments&post=18236"}],"version-history":[{"count":1,"href":"https:\/\/algeriepresse.dz\/index.php?rest_route=\/wp\/v2\/posts\/18236\/revisions"}],"predecessor-version":[{"id":18241,"href":"https:\/\/algeriepresse.dz\/index.php?rest_route=\/wp\/v2\/posts\/18236\/revisions\/18241"}],"wp:featuredmedia":[{"embeddable":true,"href":"https:\/\/algeriepresse.dz\/index.php?rest_route=\/wp\/v2\/media\/18240"}],"wp:attachment":[{"href":"https:\/\/algeriepresse.dz\/index.php?rest_route=%2Fwp%2Fv2%2Fmedia&parent=18236"}],"wp:term":[{"taxonomy":"category","embeddable":true,"href":"https:\/\/algeriepresse.dz\/index.php?rest_route=%2Fwp%2Fv2%2Fcategories&post=18236"},{"taxonomy":"post_tag","embeddable":true,"href":"https:\/\/algeriepresse.dz\/index.php?rest_route=%2Fwp%2Fv2%2Ftags&post=18236"}],"curies":[{"name":"wp","href":"https:\/\/api.w.org\/{rel}","templated":true}]}}