{"id":18469,"date":"2025-12-23T18:13:20","date_gmt":"2025-12-23T17:13:20","guid":{"rendered":"https:\/\/algeriepresse.dz\/?p=18469"},"modified":"2025-12-23T18:13:20","modified_gmt":"2025-12-23T17:13:20","slug":"protection-sociale-le-fonds-onusien-salue-lalgerie","status":"publish","type":"post","link":"https:\/\/algeriepresse.dz\/?p=18469","title":{"rendered":"Protection sociale: Le Fonds onusien salue l\u2019Alg\u00e9rie"},"content":{"rendered":"<p>Le ministre du Travail, de l\u2019Emploi et de la S\u00e9curit\u00e9 sociale, Abdelhak Saihi, a re\u00e7u ce lundi \u00e0 Alger la cheffe du bureau du Fonds des Nations Unies pour la population (UNFPA) en Alg\u00e9rie, Fa\u00efza Ben Dris, qui a salu\u00e9 le r\u00f4le de l\u2019Alg\u00e9rie dans le domaine de la protection sociale et exprim\u00e9 sa volont\u00e9 de renforcer la coop\u00e9ration bilat\u00e9rale, selon un communiqu\u00e9 du minist\u00e8re.<br \/>\nLors de cette rencontre, Mme Ben Dris a pr\u00e9sent\u00e9 le plan op\u00e9rationnel de l\u2019UNFPA, notamment dans les domaines de la planification familiale et de la gestion des donn\u00e9es d\u00e9mographiques. Elle a mis en avant les efforts de l\u2019\u00c9tat alg\u00e9rien pour soutenir les programmes du Fonds et les facilit\u00e9s offertes pour concr\u00e9tiser cette coop\u00e9ration sur le terrain.<br \/>\nDe son c\u00f4t\u00e9, M. Saihi a expos\u00e9 les r\u00e9formes profondes engag\u00e9es par l\u2019\u00c9tat dans le domaine de la s\u00e9curit\u00e9 sociale, affirmant qu\u2019elles traduisent l\u2019engagement des pouvoirs publics \u00e0 renforcer la protection sociale et \u00e0 consolider le principe de justice sociale.<br \/>\nIl a notamment rappel\u00e9 la d\u00e9cision du pr\u00e9sident de la R\u00e9publique, Abdelmadjid Tebboune, d\u2019\u00e9tendre le cong\u00e9 de maternit\u00e9 des femmes salari\u00e9es \u00e0 cinq mois complets, une mesure qualifi\u00e9e de \u00ab soutien suppl\u00e9mentaire \u00e0 la m\u00e8re travailleuse \u00bb qui favorise un environnement professionnel plus \u00e9quilibr\u00e9 et stable. Le ministre a \u00e9galement \u00e9voqu\u00e9 la signature d\u2019accords avec des cliniques priv\u00e9es pour la prise en charge des accouchements dans le cadre du syst\u00e8me du tiers payant.<br \/>\nLe ministre a soulign\u00e9 la contribution annuelle de la s\u00e9curit\u00e9 sociale au financement des \u00e9tablissements hospitaliers publics via le forfait hospitalier, pr\u00e9cisant qu\u2019un budget cons\u00e9quent a \u00e9t\u00e9 allou\u00e9 pour l\u2019ann\u00e9e 2026 afin de soutenir la sant\u00e9 publique.<br \/>\nLa rencontre a permis un \u00e9change de vues sur les moyens de renforcer la coop\u00e9ration entre l\u2019Alg\u00e9rie et l\u2019UNFPA, notamment dans les domaines de la s\u00e9curit\u00e9 sociale et du d\u00e9veloppement des politiques sociales, en coh\u00e9rence avec les priorit\u00e9s nationales en mati\u00e8re de d\u00e9veloppement social et de protection des populations, en particulier la maternit\u00e9 et l\u2019enfance, face aux d\u00e9fis environnementaux, climatiques et d\u00e9mographiques mondiaux.<br \/>\nLes deux parties ont r\u00e9affirm\u00e9 l\u2019importance de renforcer ce partenariat et d\u2019intensifier la coordination afin de relever ces d\u00e9fis au service du d\u00e9veloppement durable et de la stabilit\u00e9 sociale.<br \/>\nG.S<\/p>\n","protected":false},"excerpt":{"rendered":"<p>Le ministre du Travail, de l\u2019Emploi et de la S\u00e9curit\u00e9 sociale, Abdelhak Saihi, a re\u00e7u ce lundi \u00e0 Alger la cheffe du bureau du Fonds des Nations Unies pour la population (UNFPA) en Alg\u00e9rie, Fa\u00efza Ben Dris, qui a salu\u00e9 le r\u00f4le de l\u2019Alg\u00e9rie dans le domaine de la protection sociale et exprim\u00e9 sa volont\u00e9 &hellip;<\/p>\n","protected":false},"author":2,"featured_media":0,"comment_status":"closed","ping_status":"closed","sticky":false,"template":"","format":"standard","meta":{"footnotes":""},"categories":[4,5],"tags":[],"class_list":["post-18469","post","type-post","status-publish","format-standard","hentry","category-a-la-une","category-actualites"],"_links":{"self":[{"href":"https:\/\/algeriepresse.dz\/index.php?rest_route=\/wp\/v2\/posts\/18469","targetHints":{"allow":["GET"]}}],"collection":[{"href":"https:\/\/algeriepresse.dz\/index.php?rest_route=\/wp\/v2\/posts"}],"about":[{"href":"https:\/\/algeriepresse.dz\/index.php?rest_route=\/wp\/v2\/types\/post"}],"author":[{"embeddable":true,"href":"https:\/\/algeriepresse.dz\/index.php?rest_route=\/wp\/v2\/users\/2"}],"replies":[{"embeddable":true,"href":"https:\/\/algeriepresse.dz\/index.php?rest_route=%2Fwp%2Fv2%2Fcomments&post=18469"}],"version-history":[{"count":1,"href":"https:\/\/algeriepresse.dz\/index.php?rest_route=\/wp\/v2\/posts\/18469\/revisions"}],"predecessor-version":[{"id":18473,"href":"https:\/\/algeriepresse.dz\/index.php?rest_route=\/wp\/v2\/posts\/18469\/revisions\/18473"}],"wp:attachment":[{"href":"https:\/\/algeriepresse.dz\/index.php?rest_route=%2Fwp%2Fv2%2Fmedia&parent=18469"}],"wp:term":[{"taxonomy":"category","embeddable":true,"href":"https:\/\/algeriepresse.dz\/index.php?rest_route=%2Fwp%2Fv2%2Fcategories&post=18469"},{"taxonomy":"post_tag","embeddable":true,"href":"https:\/\/algeriepresse.dz\/index.php?rest_route=%2Fwp%2Fv2%2Ftags&post=18469"}],"curies":[{"name":"wp","href":"https:\/\/api.w.org\/{rel}","templated":true}]}}