{"id":19313,"date":"2026-02-03T18:44:45","date_gmt":"2026-02-03T17:44:45","guid":{"rendered":"https:\/\/algeriepresse.dz\/?p=19313"},"modified":"2026-02-03T18:44:45","modified_gmt":"2026-02-03T17:44:45","slug":"un-algerien-tue-par-des-syriens-15-ans-pour-le-principal-accuse","status":"publish","type":"post","link":"https:\/\/algeriepresse.dz\/?p=19313","title":{"rendered":"Un Alg\u00e9rien tu\u00e9 par des Syriens : 15 ans pour le principal accus\u00e9"},"content":{"rendered":"<p>Le tribunal criminel d\u2019appel pr\u00e8s la Cour d\u2019Oran a rendu son verdict dans l\u2019affaire du meurtre d\u2019un Alg\u00e9rien, impliquant onze pr\u00e9venus, dont huit ressortissants kurdes syriens. Au c\u0153ur de ce drame : une transaction li\u00e9e \u00e0 l\u2019\u00e9migration clandestine qui a vir\u00e9 au bain de sang.<br \/>\nLes faits remontent au 18 ao\u00fbt 2018. Ce jour-l\u00e0, les services de police sont alert\u00e9s sur la pr\u00e9sence d&rsquo;un homme gisant dans son sang, rue Belmahi Mohamed, au quartier Akid Lotfi. Sur place, les enqu\u00eateurs d\u00e9couvrent le corps sans vie de H. Lotfi, pr\u00e9sentant une plaie b\u00e9ante \u00e0 l\u2019abdomen. Non loin de la d\u00e9pouille, un couteau de marque Opinel est saisi. L\u2019enqu\u00eate r\u00e9v\u00e8le rapidement qu\u2019une violente rixe a \u00e9clat\u00e9 entre deux bandes : l&rsquo;une compos\u00e9e de ressortissants syriens et l&rsquo;autre d&rsquo;Alg\u00e9riens.<br \/>\nLes investigations s\u2019acc\u00e9l\u00e8rent lorsqu&rsquo;une seconde victime, D. Abdelhak, ami du d\u00e9funt, est retrouv\u00e9e gri\u00e8vement bless\u00e9e. Selon les \u00e9l\u00e9ments recueillis, les deux Alg\u00e9riens s&rsquo;\u00e9taient rendus dans ce quartier de l\u2019est oranais pour finaliser une op\u00e9ration d\u2019\u00e9migration clandestine vers l\u2019Espagne. Le transport devait \u00eatre assur\u00e9 par des ressortissants syriens \u00e0 bord d\u2019un v\u00e9hicule de marque Picanto.<br \/>\nLe m\u00eame jour, l&rsquo;admission aux urgences de l&rsquo;EHU d&rsquo;Oran du d\u00e9nomm\u00e9 D.M., un Syrien bless\u00e9 aux mains, attire l&rsquo;attention des policiers. Si ce dernier pr\u00e9tend d&rsquo;abord s&rsquo;\u00eatre bless\u00e9 en d\u00e9coupant de la viande, l&rsquo;enqu\u00eate locale d\u00e9montre qu&rsquo;il logeait avec plusieurs compatriotes dans un appartement du quartier des 90 logements, \u00e0 Akid. Confront\u00e9 aux preuves, D.M. finit par admettre sa pr\u00e9sence lors de la rixe, d\u00e9crivant une sc\u00e8ne d&rsquo;une extr\u00eame violence o\u00f9 s&rsquo;affrontaient des individus arm\u00e9s de gourdins et d&rsquo;armes blanches. Il d\u00e9signe alors un certain \u00ab Abou Hamid \u00bb, actuellement en fuite, comme l&rsquo;auteur du coup de couteau mortel.<br \/>\n\u00c0 l&rsquo;issue des d\u00e9lib\u00e9rations, le tribunal a condamn\u00e9 le principal accus\u00e9, D.M., \u00e0 15 ans de r\u00e9clusion criminelle. Ses compatriotes se sont vus infliger des peines allant de cinq \u00e0 dix ans de r\u00e9clusion. Quant aux trois pr\u00e9venus alg\u00e9riens, poursuivis pour non-assistance \u00e0 personne en danger et non-d\u00e9nonciation de crime, ils ont \u00e9t\u00e9 acquitt\u00e9s.<br \/>\nZemmouri. L<\/p>\n<p>&nbsp;<\/p>\n","protected":false},"excerpt":{"rendered":"<p>Le tribunal criminel d\u2019appel pr\u00e8s la Cour d\u2019Oran a rendu son verdict dans l\u2019affaire du meurtre d\u2019un Alg\u00e9rien, impliquant onze pr\u00e9venus, dont huit ressortissants kurdes syriens. Au c\u0153ur de ce drame : une transaction li\u00e9e \u00e0 l\u2019\u00e9migration clandestine qui a vir\u00e9 au bain de sang. Les faits remontent au 18 ao\u00fbt 2018. Ce jour-l\u00e0, les &hellip;<\/p>\n","protected":false},"author":2,"featured_media":0,"comment_status":"closed","ping_status":"closed","sticky":false,"template":"","format":"standard","meta":{"footnotes":""},"categories":[6],"tags":[],"class_list":["post-19313","post","type-post","status-publish","format-standard","hentry","category-oran"],"_links":{"self":[{"href":"https:\/\/algeriepresse.dz\/index.php?rest_route=\/wp\/v2\/posts\/19313","targetHints":{"allow":["GET"]}}],"collection":[{"href":"https:\/\/algeriepresse.dz\/index.php?rest_route=\/wp\/v2\/posts"}],"about":[{"href":"https:\/\/algeriepresse.dz\/index.php?rest_route=\/wp\/v2\/types\/post"}],"author":[{"embeddable":true,"href":"https:\/\/algeriepresse.dz\/index.php?rest_route=\/wp\/v2\/users\/2"}],"replies":[{"embeddable":true,"href":"https:\/\/algeriepresse.dz\/index.php?rest_route=%2Fwp%2Fv2%2Fcomments&post=19313"}],"version-history":[{"count":1,"href":"https:\/\/algeriepresse.dz\/index.php?rest_route=\/wp\/v2\/posts\/19313\/revisions"}],"predecessor-version":[{"id":19316,"href":"https:\/\/algeriepresse.dz\/index.php?rest_route=\/wp\/v2\/posts\/19313\/revisions\/19316"}],"wp:attachment":[{"href":"https:\/\/algeriepresse.dz\/index.php?rest_route=%2Fwp%2Fv2%2Fmedia&parent=19313"}],"wp:term":[{"taxonomy":"category","embeddable":true,"href":"https:\/\/algeriepresse.dz\/index.php?rest_route=%2Fwp%2Fv2%2Fcategories&post=19313"},{"taxonomy":"post_tag","embeddable":true,"href":"https:\/\/algeriepresse.dz\/index.php?rest_route=%2Fwp%2Fv2%2Ftags&post=19313"}],"curies":[{"name":"wp","href":"https:\/\/api.w.org\/{rel}","templated":true}]}}