{"id":20271,"date":"2026-03-22T17:20:40","date_gmt":"2026-03-22T16:20:40","guid":{"rendered":"https:\/\/algeriepresse.dz\/?p=20271"},"modified":"2026-03-22T17:20:40","modified_gmt":"2026-03-22T16:20:40","slug":"tribunal-criminel-dappel-deux-ans-de-prison-pour-lagresseur-dun-policier","status":"publish","type":"post","link":"https:\/\/algeriepresse.dz\/?p=20271","title":{"rendered":"Tribunal criminel d\u2019appel : Deux ans de prison pour l\u2019agresseur d\u2019un policier"},"content":{"rendered":"<p>Comparant devant le tribunal criminel d\u2019appel pour tentative d\u2019homicide volontaire, le d\u00e9nomm\u00e9 T.W. a \u00e9t\u00e9 condamn\u00e9 \u00e0 deux ans de prison ferme apr\u00e8s la requalification des faits en \u00ab coups et blessures volontaires \u00bb. Cette peine confirme ainsi le verdict prononc\u00e9 en premi\u00e8re instance. La victime, un policier, avait \u00e9t\u00e9 agress\u00e9e par le mis en cause qui l\u2019avait pouss\u00e9 d&rsquo;une hauteur de deux \u00e9tages ; une chute ayant provoqu\u00e9 plusieurs fractures au niveau des membres et de la colonne vert\u00e9brale.<br \/>\nL&rsquo;affaire remonte au 3 juin 2021. Ce jour-l\u00e0, la s\u00fbret\u00e9 de wilaya d\u2019Oran re\u00e7oit l\u2019appel d\u2019un individu r\u00e9clamant une intervention \u00e0 son domicile, situ\u00e9 dans le quartier du Plateau. Il affirme avoir \u00e9t\u00e9 agress\u00e9 par son beau-fr\u00e8re et l&rsquo;ami de ce dernier, un policier nomm\u00e9 Hakim, accompagn\u00e9 d\u2019un second fonctionnaire dont il ignore l&rsquo;identit\u00e9. Une fois sur place, les services de police ne trouvent pas les agresseurs, mais tombent sur T.W., alors en \u00e9tat d\u2019\u00e9bri\u00e9t\u00e9 avanc\u00e9e. Ce dernier d\u00e9posera plainte vingt-quatre heures plus tard.<br \/>\nEntre-temps, un signalement est \u00e9mis par le poste de police du CHU d\u2019Oran concernant l\u2019admission du policier H.A., de la 14e s\u00fbret\u00e9 urbaine, victime de multiples blessures. Le 4 juin 2021, T.W. est convoqu\u00e9 par la 2e s\u00fbret\u00e9 urbaine. Interrog\u00e9 de nouveau sur les faits, il d\u00e9clare que le jour du drame, il se trouvait dans une pi\u00e8ce sur la terrasse de sa maison pour y consommer de l\u2019alcool, lorsqu\u2019il a entendu les cris de son \u00e9pouse. En descendant au second \u00e9tage, il aurait trouv\u00e9 son beau-fr\u00e8re et les deux policiers qui s&rsquo;en seraient pris violemment \u00e0 lui, avant que l\u2019un des fonctionnaires ne tente de les faire sortir du domicile. T.W., ajoute : \u00ab J\u2019ai appel\u00e9 les secours et c\u2019est \u00e0 ce moment-l\u00e0 que j\u2019ai entendu crier. Quelqu&rsquo;un est tomb\u00e9, mais j&rsquo;ignorais de qui il s\u2019agissait et ce qu&rsquo;il se passait. \u00bb<br \/>\nIl explique \u00e9galement qu\u2019un diff\u00e9rend l\u2019opposait \u00e0 son beau-fr\u00e8re suite \u00e0 une dispute avec sa propre \u00e9pouse, qui est la demi-s\u0153ur de ce dernier. Son beau-fr\u00e8re \u00e9tait venu ce soir-l\u00e0 pour accompagner la jeune femme. Les services de police se sont ensuite rendus au chevet de la victime, alors en salle d&rsquo;op\u00e9ration au service de neurochirurgie. Une fois son \u00e9tat stabilis\u00e9, le policier a pu \u00eatre auditionn\u00e9. Il a affirm\u00e9 qu&rsquo;une altercation l&rsquo;avait oppos\u00e9 au mis en cause au sujet du vol d&rsquo;une somme d&rsquo;argent. Il s&rsquo;\u00e9tait rendu chez lui et c&rsquo;est l\u00e0 que T.W., l\u2019aurait pouss\u00e9 du haut de la terrasse, lui provoquant des blessures extr\u00eamement graves.<br \/>\nCit\u00e9 \u00e0 la barre du tribunal criminel d\u2019appel, le mis en cause a ni\u00e9 les faits. Tandis que le parquet a requis une aggravation de la peine, la d\u00e9fense a plaid\u00e9 la non-culpabilit\u00e9.<br \/>\nZemmouri L.<\/p>\n","protected":false},"excerpt":{"rendered":"<p>Comparant devant le tribunal criminel d\u2019appel pour tentative d\u2019homicide volontaire, le d\u00e9nomm\u00e9 T.W. a \u00e9t\u00e9 condamn\u00e9 \u00e0 deux ans de prison ferme apr\u00e8s la requalification des faits en \u00ab coups et blessures volontaires \u00bb. Cette peine confirme ainsi le verdict prononc\u00e9 en premi\u00e8re instance. La victime, un policier, avait \u00e9t\u00e9 agress\u00e9e par le mis en &hellip;<\/p>\n","protected":false},"author":2,"featured_media":0,"comment_status":"closed","ping_status":"closed","sticky":false,"template":"","format":"standard","meta":{"footnotes":""},"categories":[4,6],"tags":[],"class_list":["post-20271","post","type-post","status-publish","format-standard","hentry","category-a-la-une","category-oran"],"_links":{"self":[{"href":"https:\/\/algeriepresse.dz\/index.php?rest_route=\/wp\/v2\/posts\/20271","targetHints":{"allow":["GET"]}}],"collection":[{"href":"https:\/\/algeriepresse.dz\/index.php?rest_route=\/wp\/v2\/posts"}],"about":[{"href":"https:\/\/algeriepresse.dz\/index.php?rest_route=\/wp\/v2\/types\/post"}],"author":[{"embeddable":true,"href":"https:\/\/algeriepresse.dz\/index.php?rest_route=\/wp\/v2\/users\/2"}],"replies":[{"embeddable":true,"href":"https:\/\/algeriepresse.dz\/index.php?rest_route=%2Fwp%2Fv2%2Fcomments&post=20271"}],"version-history":[{"count":1,"href":"https:\/\/algeriepresse.dz\/index.php?rest_route=\/wp\/v2\/posts\/20271\/revisions"}],"predecessor-version":[{"id":20276,"href":"https:\/\/algeriepresse.dz\/index.php?rest_route=\/wp\/v2\/posts\/20271\/revisions\/20276"}],"wp:attachment":[{"href":"https:\/\/algeriepresse.dz\/index.php?rest_route=%2Fwp%2Fv2%2Fmedia&parent=20271"}],"wp:term":[{"taxonomy":"category","embeddable":true,"href":"https:\/\/algeriepresse.dz\/index.php?rest_route=%2Fwp%2Fv2%2Fcategories&post=20271"},{"taxonomy":"post_tag","embeddable":true,"href":"https:\/\/algeriepresse.dz\/index.php?rest_route=%2Fwp%2Fv2%2Ftags&post=20271"}],"curies":[{"name":"wp","href":"https:\/\/api.w.org\/{rel}","templated":true}]}}