{"id":20297,"date":"2026-03-22T17:00:38","date_gmt":"2026-03-22T16:00:38","guid":{"rendered":"https:\/\/algeriepresse.dz\/?p=20297"},"modified":"2026-03-22T17:27:07","modified_gmt":"2026-03-22T16:27:07","slug":"3e-region-militaire-saisie-de-plus-de-10-quintaux-de-kif-traite","status":"publish","type":"post","link":"https:\/\/algeriepresse.dz\/?p=20297","title":{"rendered":"3e R\u00e9gion militaire:  Saisie de plus de 10 quintaux  de kif trait\u00e9"},"content":{"rendered":"<p>Des d\u00e9tachements combin\u00e9s de l\u2019Arm\u00e9e nationale populaire (ANP) ont d\u00e9jou\u00e9, vendredi 20 mars 2026, premier jour de l\u2019A\u00efd el-Fitr, deux tentatives d\u2019introduction de plus de 10 quintaux de kif trait\u00e9 en provenance des fronti\u00e8res avec le Maroc.<\/p>\n<p>Les op\u00e9rations se sont d\u00e9roul\u00e9es dans les zones de Hassi Achour (Adrar) et Kenadsa (B\u00e9char), relevant de la 3\u1d49 R\u00e9gion militaire, a indiqu\u00e9 dimanche un communiqu\u00e9 du minist\u00e8re de la D\u00e9fense nationale (MDN).<br \/>\nSelon la m\u00eame source, les saisies ont port\u00e9 sur 10 quintaux et 49 kilogrammes de kif trait\u00e9, ainsi qu\u2019un v\u00e9hicule et deux motos utilis\u00e9s pour le transport de la marchandise. Le MDN a soulign\u00e9 que ces op\u00e9rations, men\u00e9es le jour de l\u2019A\u00efd, confirment les intentions malveillantes des r\u00e9seaux criminels qui exploitent de telles occasions pour ex\u00e9cuter leurs plans.<br \/>\nEn effet, dans la soir\u00e9e de mercredi dernier, trois contrebandiers arm\u00e9s de nationalit\u00e9 \u00e9trang\u00e8re ont \u00e9t\u00e9 neutralis\u00e9s, lors d&rsquo;un accrochage dans le Secteur op\u00e9rationnel de In Guezzam, par des d\u00e9tachements combin\u00e9s de l&rsquo;Arm\u00e9e nationale populaire (ANP).<br \/>\nCette op\u00e9ration a permis de r\u00e9cup\u00e9rer deux pistolets mitrailleurs de type kalachnikov, deux chargeurs et une quantit\u00e9 de munitions ainsi qu&rsquo;un v\u00e9hicules tout-terrain, contenant 150 kg d&rsquo;or brut.<br \/>\nR.N<\/p>\n","protected":false},"excerpt":{"rendered":"<p>Des d\u00e9tachements combin\u00e9s de l\u2019Arm\u00e9e nationale populaire (ANP) ont d\u00e9jou\u00e9, vendredi 20 mars 2026, premier jour de l\u2019A\u00efd el-Fitr, deux tentatives d\u2019introduction de plus de 10 quintaux de kif trait\u00e9 en provenance des fronti\u00e8res avec le Maroc. Les op\u00e9rations se sont d\u00e9roul\u00e9es dans les zones de Hassi Achour (Adrar) et Kenadsa (B\u00e9char), relevant de la &hellip;<\/p>\n","protected":false},"author":2,"featured_media":20298,"comment_status":"closed","ping_status":"closed","sticky":false,"template":"","format":"standard","meta":{"footnotes":""},"categories":[4,5],"tags":[],"class_list":["post-20297","post","type-post","status-publish","format-standard","has-post-thumbnail","hentry","category-a-la-une","category-actualites"],"_links":{"self":[{"href":"https:\/\/algeriepresse.dz\/index.php?rest_route=\/wp\/v2\/posts\/20297","targetHints":{"allow":["GET"]}}],"collection":[{"href":"https:\/\/algeriepresse.dz\/index.php?rest_route=\/wp\/v2\/posts"}],"about":[{"href":"https:\/\/algeriepresse.dz\/index.php?rest_route=\/wp\/v2\/types\/post"}],"author":[{"embeddable":true,"href":"https:\/\/algeriepresse.dz\/index.php?rest_route=\/wp\/v2\/users\/2"}],"replies":[{"embeddable":true,"href":"https:\/\/algeriepresse.dz\/index.php?rest_route=%2Fwp%2Fv2%2Fcomments&post=20297"}],"version-history":[{"count":1,"href":"https:\/\/algeriepresse.dz\/index.php?rest_route=\/wp\/v2\/posts\/20297\/revisions"}],"predecessor-version":[{"id":20299,"href":"https:\/\/algeriepresse.dz\/index.php?rest_route=\/wp\/v2\/posts\/20297\/revisions\/20299"}],"wp:featuredmedia":[{"embeddable":true,"href":"https:\/\/algeriepresse.dz\/index.php?rest_route=\/wp\/v2\/media\/20298"}],"wp:attachment":[{"href":"https:\/\/algeriepresse.dz\/index.php?rest_route=%2Fwp%2Fv2%2Fmedia&parent=20297"}],"wp:term":[{"taxonomy":"category","embeddable":true,"href":"https:\/\/algeriepresse.dz\/index.php?rest_route=%2Fwp%2Fv2%2Fcategories&post=20297"},{"taxonomy":"post_tag","embeddable":true,"href":"https:\/\/algeriepresse.dz\/index.php?rest_route=%2Fwp%2Fv2%2Ftags&post=20297"}],"curies":[{"name":"wp","href":"https:\/\/api.w.org\/{rel}","templated":true}]}}