{"id":20620,"date":"2026-04-07T17:56:12","date_gmt":"2026-04-07T16:56:12","guid":{"rendered":"https:\/\/algeriepresse.dz\/?p=20620"},"modified":"2026-04-07T17:56:12","modified_gmt":"2026-04-07T16:56:12","slug":"cite-monte-carlo-une-rehabilitation-denvergure-en-cours","status":"publish","type":"post","link":"https:\/\/algeriepresse.dz\/?p=20620","title":{"rendered":"Cit\u00e9 \u00ab Mont\u00e9 Carlo \u00bb :Une r\u00e9habilitation d\u2019envergure en cours"},"content":{"rendered":"<p>Les immeubles de la cit\u00e9 \u00ab Mont\u00e9 Carlo \u00bb, situ\u00e9s \u00e0 la rue Sa\u00efm Mohamed \u00e0 Oran, b\u00e9n\u00e9ficient d\u2019une importante op\u00e9ration de r\u00e9habilitation visant \u00e0 am\u00e9liorer le cadre de vie des habitants et \u00e0 valoriser ce patrimoine immobilier.<\/p>\n<p>Le projet, pilot\u00e9 par la direction du logement, porte sur la remise \u00e0 niveau des parties communes, incluant la modernisation des ascenseurs, la r\u00e9fection des fa\u00e7ades et l\u2019am\u00e9lioration globale des infrastructures.<br \/>\nEn amont, une op\u00e9ration de pompage et de nettoyage des sous-sols envahis par les eaux us\u00e9es a \u00e9t\u00e9 engag\u00e9e afin d\u2019assainir les lieux avant le lancement des travaux en profondeur.<br \/>\nD\u2019autres immeubles sont \u00e9galement concern\u00e9s, notamment celui situ\u00e9 rue Ahmed Ben Abderrazak, o\u00f9 des travaux similaires sont pr\u00e9vus, incluant l\u2019\u00e9tanch\u00e9it\u00e9 des toitures pour lutter contre les infiltrations d\u2019eau.<br \/>\nCes projets ont fait l\u2019objet lundi d\u2019une visite de terrain du wali d\u2019Oran, qui a insist\u00e9 sur la qualit\u00e9 des travaux et le respect des d\u00e9lais.<br \/>\nEn outre, des quartiers, tels qu\u2019El Badr et Maraval, connaissant \u00e9galement des op\u00e9rations d\u2019am\u00e9nagement ont \u00e9t\u00e9 visit\u00e9s par le wali, traduisant une volont\u00e9 de moderniser durablement le tissu urbain.<br \/>\nFay\u00e7al A.<\/p>\n","protected":false},"excerpt":{"rendered":"<p>Les immeubles de la cit\u00e9 \u00ab Mont\u00e9 Carlo \u00bb, situ\u00e9s \u00e0 la rue Sa\u00efm Mohamed \u00e0 Oran, b\u00e9n\u00e9ficient d\u2019une importante op\u00e9ration de r\u00e9habilitation visant \u00e0 am\u00e9liorer le cadre de vie des habitants et \u00e0 valoriser ce patrimoine immobilier. Le projet, pilot\u00e9 par la direction du logement, porte sur la remise \u00e0 niveau des parties communes, &hellip;<\/p>\n","protected":false},"author":2,"featured_media":20627,"comment_status":"closed","ping_status":"closed","sticky":false,"template":"","format":"standard","meta":{"footnotes":""},"categories":[4,6],"tags":[],"class_list":["post-20620","post","type-post","status-publish","format-standard","has-post-thumbnail","hentry","category-a-la-une","category-oran"],"_links":{"self":[{"href":"https:\/\/algeriepresse.dz\/index.php?rest_route=\/wp\/v2\/posts\/20620","targetHints":{"allow":["GET"]}}],"collection":[{"href":"https:\/\/algeriepresse.dz\/index.php?rest_route=\/wp\/v2\/posts"}],"about":[{"href":"https:\/\/algeriepresse.dz\/index.php?rest_route=\/wp\/v2\/types\/post"}],"author":[{"embeddable":true,"href":"https:\/\/algeriepresse.dz\/index.php?rest_route=\/wp\/v2\/users\/2"}],"replies":[{"embeddable":true,"href":"https:\/\/algeriepresse.dz\/index.php?rest_route=%2Fwp%2Fv2%2Fcomments&post=20620"}],"version-history":[{"count":1,"href":"https:\/\/algeriepresse.dz\/index.php?rest_route=\/wp\/v2\/posts\/20620\/revisions"}],"predecessor-version":[{"id":20628,"href":"https:\/\/algeriepresse.dz\/index.php?rest_route=\/wp\/v2\/posts\/20620\/revisions\/20628"}],"wp:featuredmedia":[{"embeddable":true,"href":"https:\/\/algeriepresse.dz\/index.php?rest_route=\/wp\/v2\/media\/20627"}],"wp:attachment":[{"href":"https:\/\/algeriepresse.dz\/index.php?rest_route=%2Fwp%2Fv2%2Fmedia&parent=20620"}],"wp:term":[{"taxonomy":"category","embeddable":true,"href":"https:\/\/algeriepresse.dz\/index.php?rest_route=%2Fwp%2Fv2%2Fcategories&post=20620"},{"taxonomy":"post_tag","embeddable":true,"href":"https:\/\/algeriepresse.dz\/index.php?rest_route=%2Fwp%2Fv2%2Ftags&post=20620"}],"curies":[{"name":"wp","href":"https:\/\/api.w.org\/{rel}","templated":true}]}}