{"id":20622,"date":"2026-04-07T17:57:48","date_gmt":"2026-04-07T16:57:48","guid":{"rendered":"https:\/\/algeriepresse.dz\/?p=20622"},"modified":"2026-04-07T17:57:48","modified_gmt":"2026-04-07T16:57:48","slug":"soraya-zentar-voix-emblematique-de-la-chaine-3-moments-emotions-et-nouveaux-horizons","status":"publish","type":"post","link":"https:\/\/algeriepresse.dz\/?p=20622","title":{"rendered":"Soraya Zentar, voix embl\u00e9matique de la Chaine 3  : \u00ab Moments, \u00e9motions et nouveaux horizons \u00bb"},"content":{"rendered":"<p>Soraya Zentar, voix embl\u00e9matique de la matinale sur la Cha\u00eene 3 de la Radio nationale, a marqu\u00e9 les ondes par son \u00e9nergie, sa proximit\u00e9 avec les auditeurs et sa capacit\u00e9 \u00e0 transformer chaque matin en un rendez-vous chaleureux et vivant. Alors qu\u2019elle se pr\u00e9pare \u00e0 un nouveau cr\u00e9neau horaire, elle revient sur les instants qui l\u2019ont le plus touch\u00e9e, le r\u00f4le de son \u00e9quipe, ses projets \u00e0 venir et un message pour ses fid\u00e8les auditeurs.<\/p>\n<p>Dans cet entretien accord\u00e9 \u00e0 Alg\u00e9rie Presse, Soraya Zentar revient avec sinc\u00e9rit\u00e9 sur son parcours \u00e0 la matinale, les \u00e9motions fortes qu\u2019elle a v\u00e9cues, la complicit\u00e9 avec son \u00e9quipe et ses projets \u00e0 venir, tout en adressant un message \u00e0 ses auditeurs fid\u00e8les et aux enfants qui ont grandi avec elle sur les ondes.<br \/>\nPour contextualiser la premi\u00e8re question, il faut savoir que Soraya avait r\u00e9cemment partag\u00e9 un message \u00e9mouvant avec son public pour annoncer qu\u2019elle quittait la matinale. Dans ce message, elle exprimait sa gratitude envers ses auditeurs, \u00e9voquait les \u00e9motions fortes v\u00e9cues chaque matin et rendait hommage \u00e0 son \u00e9quipe. Ce message a permis de comprendre \u00e0 quel point ces ann\u00e9es \u00e0 la matinale ont \u00e9t\u00e9 intenses, humaines et marquantes, et il sert de fil conducteur \u00e0 la premi\u00e8re question de notre entretien.<\/p>\n<p><strong>Alg\u00e9rie Presse : Dans votre message, vous parlez d\u2019\u00e9motions fortes et d\u2019un c\u0153ur rempli. Quels moments pr\u00e9cis \u00e0 \u00ab la Matinale \u00bb vous ont le plus marqu\u00e9e ?<\/strong><\/p>\n<p><em>Soraya Zentar : Les moments qui m\u2019ont le plus marqu\u00e9e sont sans doute ceux o\u00f9 l\u2019\u00e9motion passait vraiment \u00e0 travers les ondes, ces instants de spontan\u00e9it\u00e9, parfois impr\u00e9vus, qui rendent le direct vivant et profond\u00e9ment humain. Mais il est vrai aussi que cela fait chaud au c\u0153ur de recevoir des encouragements venant d&rsquo;amis, de proches ou de fid\u00e8les auditeurs.<\/em><br \/>\n<em>Et tous m\u00e9ritent respect et consid\u00e9ration. Car pour moi c&rsquo;est vraiment un privil\u00e8ge de pouvoir rentrer dans les familles et se consid\u00e9rer \u2013 supr\u00eame honneur \u2013 tel un membre \u00e0 part enti\u00e8re de ces m\u00eames familles.<\/em><\/p>\n<p><strong>Vous mentionnez votre \u00e9quipe et vos co\u00e9quipiers. Quel r\u00f4le ont-ils jou\u00e9 dans votre parcours et vos matin\u00e9es \u00e0 la radio ?<\/strong><\/p>\n<p><em>Il faut savoir que c&rsquo;est un travail d&rsquo;\u00e9quipe. Et \u00e0 ce titre je pense que la moindre des choses est de les citer nomm\u00e9ment et leur rendre la reconnaissance qu&rsquo;ils m\u00e9ritent si bien. Car ils font un boulot extraordinaire au quotidien. Ce sont eux qui rendent chaque matin possible, et surtout agr\u00e9able.<\/em><\/p>\n<p><strong>Vous dites que vous vous retrouverez ailleurs : quels projets ou nouveaux rendez-vous envisagez-vous pour continuer \u00e0 partager avec le public ?<\/strong><\/p>\n<p><em>Je change de cr\u00e9neau horaire parce que l&rsquo;\u00e9t\u00e9 se pr\u00e9pare maintenant. Mais sinon je ne fais qu&rsquo;adh\u00e9rer \u00e0 la feuille de route de la direction de la programmation. L&rsquo;essentiel \u00e9tant de coller toujours davantage \u00e0 la demande des auditeurs, notre unique centre d&rsquo;int\u00e9r\u00eat. Une chose est s\u00fbre : j\u2019ai envie de continuer \u00e0 cr\u00e9er du lien avec le public. Que ce soit \u00e0 travers un nouveau format, peut-\u00eatre diff\u00e9rent, l\u2019objectif reste le m\u00eame : partager, \u00e9changer et \u00eatre utile. De nouvelles aventures se pr\u00e9parent, avec la m\u00eame sinc\u00e9rit\u00e9.<\/em><\/p>\n<p><strong>Quel message final aimeriez-vous adresser \u00e0 vos auditeurs fid\u00e8les et \u00e0 leurs enfants qui ont grandi avec la matinale ?<\/strong><\/p>\n<p><em>Qu&rsquo;ils restent toujours abonn\u00e9s \u00e0 la 3 et \u00e0 la matinale\u2026 N\u00e9anmoins, je tiens \u00e0 leur dire merci, tout simplement. Merci pour leur fid\u00e9lit\u00e9, leur \u00e9coute et leur confiance. <\/em><br \/>\n<em>Et une pens\u00e9e particuli\u00e8re pour les enfants qui ont grandi avec la matinale : c\u2019est un immense honneur d\u2019avoir fait partie de leur quotidien. J\u2019esp\u00e8re avoir laiss\u00e9 de beaux souvenirs et transmis de bonnes ondes pour commencer leurs journ\u00e9es.<\/em><\/p>\n","protected":false},"excerpt":{"rendered":"<p>Soraya Zentar, voix embl\u00e9matique de la matinale sur la Cha\u00eene 3 de la Radio nationale, a marqu\u00e9 les ondes par son \u00e9nergie, sa proximit\u00e9 avec les auditeurs et sa capacit\u00e9 \u00e0 transformer chaque matin en un rendez-vous chaleureux et vivant. Alors qu\u2019elle se pr\u00e9pare \u00e0 un nouveau cr\u00e9neau horaire, elle revient sur les instants qui &hellip;<\/p>\n","protected":false},"author":2,"featured_media":20630,"comment_status":"closed","ping_status":"closed","sticky":false,"template":"","format":"standard","meta":{"footnotes":""},"categories":[4,54],"tags":[],"class_list":["post-20622","post","type-post","status-publish","format-standard","has-post-thumbnail","hentry","category-a-la-une","category-culture"],"_links":{"self":[{"href":"https:\/\/algeriepresse.dz\/index.php?rest_route=\/wp\/v2\/posts\/20622","targetHints":{"allow":["GET"]}}],"collection":[{"href":"https:\/\/algeriepresse.dz\/index.php?rest_route=\/wp\/v2\/posts"}],"about":[{"href":"https:\/\/algeriepresse.dz\/index.php?rest_route=\/wp\/v2\/types\/post"}],"author":[{"embeddable":true,"href":"https:\/\/algeriepresse.dz\/index.php?rest_route=\/wp\/v2\/users\/2"}],"replies":[{"embeddable":true,"href":"https:\/\/algeriepresse.dz\/index.php?rest_route=%2Fwp%2Fv2%2Fcomments&post=20622"}],"version-history":[{"count":1,"href":"https:\/\/algeriepresse.dz\/index.php?rest_route=\/wp\/v2\/posts\/20622\/revisions"}],"predecessor-version":[{"id":20631,"href":"https:\/\/algeriepresse.dz\/index.php?rest_route=\/wp\/v2\/posts\/20622\/revisions\/20631"}],"wp:featuredmedia":[{"embeddable":true,"href":"https:\/\/algeriepresse.dz\/index.php?rest_route=\/wp\/v2\/media\/20630"}],"wp:attachment":[{"href":"https:\/\/algeriepresse.dz\/index.php?rest_route=%2Fwp%2Fv2%2Fmedia&parent=20622"}],"wp:term":[{"taxonomy":"category","embeddable":true,"href":"https:\/\/algeriepresse.dz\/index.php?rest_route=%2Fwp%2Fv2%2Fcategories&post=20622"},{"taxonomy":"post_tag","embeddable":true,"href":"https:\/\/algeriepresse.dz\/index.php?rest_route=%2Fwp%2Fv2%2Ftags&post=20622"}],"curies":[{"name":"wp","href":"https:\/\/api.w.org\/{rel}","templated":true}]}}