{"id":20633,"date":"2026-04-07T17:59:19","date_gmt":"2026-04-07T16:59:19","guid":{"rendered":"https:\/\/algeriepresse.dz\/?p=20633"},"modified":"2026-04-07T17:59:19","modified_gmt":"2026-04-07T16:59:19","slug":"legislatives-du-2-juillet-les-conditions-pour-les-nouvelles-wilayas","status":"publish","type":"post","link":"https:\/\/algeriepresse.dz\/?p=20633","title":{"rendered":"L\u00e9gislatives du 2 juillet : Les conditions pour les nouvelles wilayas"},"content":{"rendered":"<p>L\u2019Autorit\u00e9 nationale ind\u00e9pendante des \u00e9lections (ANIE) a rappel\u00e9, hier dans un communiqu\u00e9, les conditions de candidature pour les \u00e9lections l\u00e9gislatives du 2 juillet 2026, notamment dans les 11 nouvelles wilayas cr\u00e9\u00e9es par la loi du 4 avril 2026 relative \u00e0 l\u2019organisation territoriale du pays.<br \/>\nSelon le texte, et en application du d\u00e9cret pr\u00e9sidentiel n\u00b026\u2011145 du 4 avril 2026 convoquant le corps \u00e9lectoral, ainsi que des dispositions du loi organique n\u00b026\u201105 modifiant et compl\u00e9tant le syst\u00e8me \u00e9lectoral, les listes de candidats pr\u00e9sent\u00e9es sous l\u2019\u00e9gide d\u2019un ou plusieurs partis politiques dans ces nouvelles wilayas sont dispens\u00e9es de l\u2019obligation de collecter des signatures si elles remplissent l\u2019un des deux crit\u00e8res suivants : avoir obtenu plus de 4 % des suffrages exprim\u00e9s dans la wilaya m\u00e8re lors des derni\u00e8res l\u00e9gislatives, ou disposer d\u2019au moins 10 \u00e9lus dans cette m\u00eame wilaya.<br \/>\nCette pr\u00e9cision vise \u00e0 faciliter la participation des formations politiques dans les nouvelles circonscriptions, tout en garantissant le respect des r\u00e8gles de repr\u00e9sentativit\u00e9. L\u2019ANIE rappelle que ces dispositions s\u2019inscrivent dans le cadre du processus de modernisation du syst\u00e8me \u00e9lectoral engag\u00e9 depuis la r\u00e9vision constitutionnelle de 2020 et renforc\u00e9 par les r\u00e9formes successives.<br \/>\nM. Salah<\/p>\n","protected":false},"excerpt":{"rendered":"<p>L\u2019Autorit\u00e9 nationale ind\u00e9pendante des \u00e9lections (ANIE) a rappel\u00e9, hier dans un communiqu\u00e9, les conditions de candidature pour les \u00e9lections l\u00e9gislatives du 2 juillet 2026, notamment dans les 11 nouvelles wilayas cr\u00e9\u00e9es par la loi du 4 avril 2026 relative \u00e0 l\u2019organisation territoriale du pays. Selon le texte, et en application du d\u00e9cret pr\u00e9sidentiel n\u00b026\u2011145 du &hellip;<\/p>\n","protected":false},"author":2,"featured_media":8938,"comment_status":"closed","ping_status":"closed","sticky":false,"template":"","format":"standard","meta":{"footnotes":""},"categories":[4,5],"tags":[],"class_list":["post-20633","post","type-post","status-publish","format-standard","has-post-thumbnail","hentry","category-a-la-une","category-actualites"],"_links":{"self":[{"href":"https:\/\/algeriepresse.dz\/index.php?rest_route=\/wp\/v2\/posts\/20633","targetHints":{"allow":["GET"]}}],"collection":[{"href":"https:\/\/algeriepresse.dz\/index.php?rest_route=\/wp\/v2\/posts"}],"about":[{"href":"https:\/\/algeriepresse.dz\/index.php?rest_route=\/wp\/v2\/types\/post"}],"author":[{"embeddable":true,"href":"https:\/\/algeriepresse.dz\/index.php?rest_route=\/wp\/v2\/users\/2"}],"replies":[{"embeddable":true,"href":"https:\/\/algeriepresse.dz\/index.php?rest_route=%2Fwp%2Fv2%2Fcomments&post=20633"}],"version-history":[{"count":1,"href":"https:\/\/algeriepresse.dz\/index.php?rest_route=\/wp\/v2\/posts\/20633\/revisions"}],"predecessor-version":[{"id":20640,"href":"https:\/\/algeriepresse.dz\/index.php?rest_route=\/wp\/v2\/posts\/20633\/revisions\/20640"}],"wp:featuredmedia":[{"embeddable":true,"href":"https:\/\/algeriepresse.dz\/index.php?rest_route=\/wp\/v2\/media\/8938"}],"wp:attachment":[{"href":"https:\/\/algeriepresse.dz\/index.php?rest_route=%2Fwp%2Fv2%2Fmedia&parent=20633"}],"wp:term":[{"taxonomy":"category","embeddable":true,"href":"https:\/\/algeriepresse.dz\/index.php?rest_route=%2Fwp%2Fv2%2Fcategories&post=20633"},{"taxonomy":"post_tag","embeddable":true,"href":"https:\/\/algeriepresse.dz\/index.php?rest_route=%2Fwp%2Fv2%2Ftags&post=20633"}],"curies":[{"name":"wp","href":"https:\/\/api.w.org\/{rel}","templated":true}]}}