{"id":20651,"date":"2026-04-08T18:28:40","date_gmt":"2026-04-08T17:28:40","guid":{"rendered":"https:\/\/algeriepresse.dz\/?p=20651"},"modified":"2026-04-08T18:28:40","modified_gmt":"2026-04-08T17:28:40","slug":"acces-a-lallocation-scolaire-le-delai-prolonge-au-20-avril","status":"publish","type":"post","link":"https:\/\/algeriepresse.dz\/?p=20651","title":{"rendered":"Acc\u00e8s \u00e0 l\u2019allocation scolaire:  Le d\u00e9lai prolong\u00e9 au 20 avril"},"content":{"rendered":"<p>La Direction locale de l\u2019action sociale a annonc\u00e9 la prolongation jusqu\u2019au 20 avril du d\u00e9lai de d\u00e9p\u00f4t des dossiers relatifs \u00e0 l\u2019allocation scolaire, initialement fix\u00e9 \u00e0 une date ant\u00e9rieure. Selon un responsable du secteur, cette mesure vise \u00e0 permettre aux familles concern\u00e9es de finaliser leurs d\u00e9marches et de d\u00e9poser leurs dossiers dans les d\u00e9lais impartis.<br \/>\nDestin\u00e9e aux \u00e9l\u00e8ves issus de milieux modestes, cette allocation de 5 000 dinars, d\u00e9sormais g\u00e9r\u00e9e par le minist\u00e8re de la Solidarit\u00e9 nationale, constitue un soutien pour de nombreux foyers. \u00ab Les d\u00e9penses li\u00e9es \u00e0 la scolarit\u00e9 restent importantes, notamment en mati\u00e8re de fournitures et de transport \u00bb, souligne un parent d\u2019\u00e9l\u00e8ve.<br \/>\nPar ailleurs, la Direction de l\u2019action sociale rappelle les actions engag\u00e9es en faveur des \u00e9l\u00e8ves \u00e0 besoins sp\u00e9cifiques. Une enveloppe de 300 millions de centimes a \u00e9t\u00e9 mobilis\u00e9e en d\u00e9but d\u2019ann\u00e9e scolaire pour l\u2019acquisition de 440 \u00e9quipements p\u00e9dagogiques adapt\u00e9s, selon un responsable du secteur.<br \/>\nCes \u00e9quipements comprennent notamment du mat\u00e9riel de calcul, des outils de g\u00e9om\u00e9trie ainsi que des supports d\u2019apprentissage du braille. \u00ab Ces moyens permettent d\u2019am\u00e9liorer les conditions de scolarisation des \u00e9l\u00e8ves concern\u00e9s \u00bb, pr\u00e9cise un responsable.<br \/>\nEn parall\u00e8le, des enseignants sp\u00e9cialis\u00e9s ont \u00e9t\u00e9 mobilis\u00e9s pour assurer un encadrement adapt\u00e9. \u00ab L\u2019accompagnement de ces \u00e9l\u00e8ves n\u00e9cessite une approche \u00e0 la fois p\u00e9dagogique et psychologique \u00bb, indique un professionnel du secteur.<br \/>\nS\u2019agissant du transport, quatre bus ont \u00e9t\u00e9 r\u00e9habilit\u00e9s pour assurer le d\u00e9placement des \u00e9l\u00e8ves en situation de handicap. La wilaya compte pr\u00e8s de 2400 \u00e9l\u00e8ves concern\u00e9s, r\u00e9partis entre \u00e9tablissements sp\u00e9cialis\u00e9s et \u00e9coles ordinaires, dont 42 classes int\u00e9gr\u00e9es.<br \/>\nEnfin, si les dispositifs sont salu\u00e9s, certains parents estiment que leur acc\u00e8s peut encore \u00eatre am\u00e9lior\u00e9. \u00ab Les aides existent, mais leur obtention peut parfois prendre du temps \u00bb, rel\u00e8ve un parent d\u2019\u00e9l\u00e8ve.<br \/>\nK.B<\/p>\n","protected":false},"excerpt":{"rendered":"<p>La Direction locale de l\u2019action sociale a annonc\u00e9 la prolongation jusqu\u2019au 20 avril du d\u00e9lai de d\u00e9p\u00f4t des dossiers relatifs \u00e0 l\u2019allocation scolaire, initialement fix\u00e9 \u00e0 une date ant\u00e9rieure. Selon un responsable du secteur, cette mesure vise \u00e0 permettre aux familles concern\u00e9es de finaliser leurs d\u00e9marches et de d\u00e9poser leurs dossiers dans les d\u00e9lais impartis. &hellip;<\/p>\n","protected":false},"author":2,"featured_media":0,"comment_status":"closed","ping_status":"closed","sticky":false,"template":"","format":"standard","meta":{"footnotes":""},"categories":[4,6],"tags":[],"class_list":["post-20651","post","type-post","status-publish","format-standard","hentry","category-a-la-une","category-oran"],"_links":{"self":[{"href":"https:\/\/algeriepresse.dz\/index.php?rest_route=\/wp\/v2\/posts\/20651","targetHints":{"allow":["GET"]}}],"collection":[{"href":"https:\/\/algeriepresse.dz\/index.php?rest_route=\/wp\/v2\/posts"}],"about":[{"href":"https:\/\/algeriepresse.dz\/index.php?rest_route=\/wp\/v2\/types\/post"}],"author":[{"embeddable":true,"href":"https:\/\/algeriepresse.dz\/index.php?rest_route=\/wp\/v2\/users\/2"}],"replies":[{"embeddable":true,"href":"https:\/\/algeriepresse.dz\/index.php?rest_route=%2Fwp%2Fv2%2Fcomments&post=20651"}],"version-history":[{"count":1,"href":"https:\/\/algeriepresse.dz\/index.php?rest_route=\/wp\/v2\/posts\/20651\/revisions"}],"predecessor-version":[{"id":20656,"href":"https:\/\/algeriepresse.dz\/index.php?rest_route=\/wp\/v2\/posts\/20651\/revisions\/20656"}],"wp:attachment":[{"href":"https:\/\/algeriepresse.dz\/index.php?rest_route=%2Fwp%2Fv2%2Fmedia&parent=20651"}],"wp:term":[{"taxonomy":"category","embeddable":true,"href":"https:\/\/algeriepresse.dz\/index.php?rest_route=%2Fwp%2Fv2%2Fcategories&post=20651"},{"taxonomy":"post_tag","embeddable":true,"href":"https:\/\/algeriepresse.dz\/index.php?rest_route=%2Fwp%2Fv2%2Ftags&post=20651"}],"curies":[{"name":"wp","href":"https:\/\/api.w.org\/{rel}","templated":true}]}}