{"id":20652,"date":"2026-04-08T18:29:04","date_gmt":"2026-04-08T17:29:04","guid":{"rendered":"https:\/\/algeriepresse.dz\/?p=20652"},"modified":"2026-04-08T18:29:04","modified_gmt":"2026-04-08T17:29:04","slug":"accidents-de-la-route-17-morts-et-pres-de-500-blesses-en-trois-mois","status":"publish","type":"post","link":"https:\/\/algeriepresse.dz\/?p=20652","title":{"rendered":"Accidents de la route:  17 morts et pr\u00e8s de 500 bless\u00e9s en trois mois"},"content":{"rendered":"<p>La wilaya d\u2019Oran fait face \u00e0 une situation pr\u00e9occupante en mati\u00e8re de s\u00e9curit\u00e9 routi\u00e8re. Le bilan du premier trimestre de l\u2019ann\u00e9e 2026, communiqu\u00e9 par la Protection civile, met en lumi\u00e8re une hausse inqui\u00e9tante du nombre de victimes, malgr\u00e9 les efforts intensifi\u00e9s en mati\u00e8re de pr\u00e9vention et de sensibilisation.<br \/>\nSelon Belala Abdelkader, le charg\u00e9 de communication de la Protection civile d\u2019Oran, 295 accidents de la circulation ont \u00e9t\u00e9 enregistr\u00e9s entre janvier et mars \u00e0 travers le territoire de la wilaya. Ces sinistres ont caus\u00e9 la mort de 17 personnes, contre 15 durant la m\u00eame p\u00e9riode en 2025, confirmant une tendance \u00e0 la hausse.<br \/>\nLe mois de mars s\u2019est r\u00e9v\u00e9l\u00e9 le plus meurtrier avec 9 d\u00e9c\u00e8s, alors que janvier et f\u00e9vrier ont enregistr\u00e9 chacun 4 morts. Le nombre de bless\u00e9s reste particuli\u00e8rement \u00e9lev\u00e9, atteignant 495 victimes : 155 en janvier, 149 en f\u00e9vrier et 191 en mars.<br \/>\nLa vitesse excessive demeure la principale cause de ces drames. \u00c0 cela s\u2019ajoutent d\u2019autres facteurs aggravants tels que la fatigue, le non-respect du code de la route et les comportements \u00e0 risque. Les conducteurs de motos figurent parmi les plus expos\u00e9s, notamment en raison du non-port du casque. Les donn\u00e9es r\u00e9v\u00e8lent que pr\u00e8s de 95 % des blessures li\u00e9es aux accidents de deux-roues concernent la t\u00eate. Les accidents impliquant des bus et des poids lourds ont \u00e9galement \u00e9t\u00e9 signal\u00e9s, y compris en milieu urbain.<br \/>\nLa p\u00e9riode du Ramadhan a, elle aussi, \u00e9t\u00e9 marqu\u00e9e par une recrudescence des accidents mortels, et ce malgr\u00e9 les campagnes de sensibilisation renforc\u00e9es durant cette p\u00e9riode. Face \u00e0 cette situation alarmante, la Protection civile poursuit ses campagnes de sensibilisation ciblant les axes routiers, les \u00e9tablissements scolaires, les centres de formation, les universit\u00e9s et les r\u00e9sidences universitaires.<br \/>\nFay\u00e7al A.<\/p>\n","protected":false},"excerpt":{"rendered":"<p>La wilaya d\u2019Oran fait face \u00e0 une situation pr\u00e9occupante en mati\u00e8re de s\u00e9curit\u00e9 routi\u00e8re. Le bilan du premier trimestre de l\u2019ann\u00e9e 2026, communiqu\u00e9 par la Protection civile, met en lumi\u00e8re une hausse inqui\u00e9tante du nombre de victimes, malgr\u00e9 les efforts intensifi\u00e9s en mati\u00e8re de pr\u00e9vention et de sensibilisation. Selon Belala Abdelkader, le charg\u00e9 de communication &hellip;<\/p>\n","protected":false},"author":2,"featured_media":20195,"comment_status":"closed","ping_status":"closed","sticky":false,"template":"","format":"standard","meta":{"footnotes":""},"categories":[4,6],"tags":[],"class_list":["post-20652","post","type-post","status-publish","format-standard","has-post-thumbnail","hentry","category-a-la-une","category-oran"],"_links":{"self":[{"href":"https:\/\/algeriepresse.dz\/index.php?rest_route=\/wp\/v2\/posts\/20652","targetHints":{"allow":["GET"]}}],"collection":[{"href":"https:\/\/algeriepresse.dz\/index.php?rest_route=\/wp\/v2\/posts"}],"about":[{"href":"https:\/\/algeriepresse.dz\/index.php?rest_route=\/wp\/v2\/types\/post"}],"author":[{"embeddable":true,"href":"https:\/\/algeriepresse.dz\/index.php?rest_route=\/wp\/v2\/users\/2"}],"replies":[{"embeddable":true,"href":"https:\/\/algeriepresse.dz\/index.php?rest_route=%2Fwp%2Fv2%2Fcomments&post=20652"}],"version-history":[{"count":1,"href":"https:\/\/algeriepresse.dz\/index.php?rest_route=\/wp\/v2\/posts\/20652\/revisions"}],"predecessor-version":[{"id":20657,"href":"https:\/\/algeriepresse.dz\/index.php?rest_route=\/wp\/v2\/posts\/20652\/revisions\/20657"}],"wp:featuredmedia":[{"embeddable":true,"href":"https:\/\/algeriepresse.dz\/index.php?rest_route=\/wp\/v2\/media\/20195"}],"wp:attachment":[{"href":"https:\/\/algeriepresse.dz\/index.php?rest_route=%2Fwp%2Fv2%2Fmedia&parent=20652"}],"wp:term":[{"taxonomy":"category","embeddable":true,"href":"https:\/\/algeriepresse.dz\/index.php?rest_route=%2Fwp%2Fv2%2Fcategories&post=20652"},{"taxonomy":"post_tag","embeddable":true,"href":"https:\/\/algeriepresse.dz\/index.php?rest_route=%2Fwp%2Fv2%2Ftags&post=20652"}],"curies":[{"name":"wp","href":"https:\/\/api.w.org\/{rel}","templated":true}]}}