{"id":21024,"date":"2026-04-26T18:21:09","date_gmt":"2026-04-26T17:21:09","guid":{"rendered":"https:\/\/algeriepresse.dz\/?p=21024"},"modified":"2026-04-26T18:21:09","modified_gmt":"2026-04-26T17:21:09","slug":"pour-avoir-egorge-son-beau-fils-peine-de-mort-pour-un-septuagenaire","status":"publish","type":"post","link":"https:\/\/algeriepresse.dz\/?p=21024","title":{"rendered":"Pour avoir \u00e9gorg\u00e9 son beau-fils : Peine de mort pour un septuag\u00e9naire"},"content":{"rendered":"<p>Le tribunal criminel de premi\u00e8re instance a condamn\u00e9 F.M., 76 ans, \u00e0 la peine capitale pour homicide volontaire.<br \/>\nCette affaire a eu pour th\u00e9\u00e2tre la commune d\u2019Oued Tl\u00e9lat en date du 14 octobre 2024, lorsqu\u2019un homme, H.R., a \u00e9t\u00e9 admis \u00e0 l\u2019EPSP local pr\u00e9sentant de graves blessures au cou et \u00e0 la main.<br \/>\nLa victime avait \u00e9t\u00e9 d\u00e9couverte baignant dans son sang dans un jardin public de la ville.<br \/>\nTransf\u00e9r\u00e9 en urgence vers l\u2019h\u00f4pital Benzerdjeb d\u2019Oran, l&rsquo;homme a \u00e9t\u00e9 admis au bloc op\u00e9ratoire. L\u2019enqu\u00eate diligent\u00e9e par les services de police a permis l\u2019interpellation de l\u2019accus\u00e9 ainsi que la saisie de l\u2019arme du crime \u00e0 son domicile. Confront\u00e9 aux faits, le mis en cause a expliqu\u00e9 qu\u2019il connaissait parfaitement la victime : \u00ab Il s\u2019agit de l\u2019ex-\u00e9poux de ma fille \u00bb. Il soutiendra que depuis leur divorce, il y a deux ans, ce dernier n&rsquo;avait cess\u00e9 de l&rsquo;insulter et de le menacer publiquement.<br \/>\n\u00ab La derni\u00e8re fois remonte \u00e0 une semaine avant le drame. Alors que j&rsquo;\u00e9tais avec mes filles, il a d\u00e9vers\u00e9 un chapelet d&rsquo;injures et de menaces \u00bb, a-t-il pr\u00e9cis\u00e9, affirmant avoir d\u00e9pos\u00e9 plusieurs plaintes rest\u00e9es sans suite.<br \/>\nApr\u00e8s cette ultime altercation, l&rsquo;accus\u00e9 dit avoir saisi le parquet d&rsquo;Oued Tl\u00e9lat, mais devant l&rsquo;absence de r\u00e9action, il a d\u00e9cid\u00e9 de se faire justice lui-m\u00eame. Il a d&rsquo;abord song\u00e9 \u00e0 une barre de fer avant de se raviser, jugeant l&rsquo;outil inefficace pour donner la mort.<br \/>\nIl s&rsquo;est alors procur\u00e9 un couteau chez un marchand ambulant avec la ferme intention d&rsquo;en finir. En retrouvant sa cible, il l&rsquo;a saisi par derri\u00e8re pour tenter de l&rsquo;\u00e9gorger, mais la victime s&rsquo;est d\u00e9battue avant que des passants ne s&rsquo;interposent. H.R. succombera finalement \u00e0 ses blessures quatre jours plus tard au CHUO.<br \/>\nDe son c\u00f4t\u00e9, le p\u00e8re de la victime a confirm\u00e9 le divorce difficile, pr\u00e9cisant que le condamn\u00e9 s&rsquo;\u00e9tait initialement oppos\u00e9 \u00e0 cette union, alors m\u00eame que les ex-\u00e9poux envisageaient de se remarier.<br \/>\n\u00c0 la barre, le septuag\u00e9naire est revenu sur une partie de ses aveux, niant toute pr\u00e9m\u00e9ditation. Il a insist\u00e9 sur le temp\u00e9rament violent du d\u00e9funt : \u00ab Je n&rsquo;ai jamais mis au point de plan. Le jour du drame, une dispute a \u00e9clat\u00e9 au caf\u00e9 et j&rsquo;ai tent\u00e9 de me d\u00e9fendre \u00bb. Questionn\u00e9 par le pr\u00e9sident sur la pr\u00e9sence du couteau, l&rsquo;accus\u00e9 a invoqu\u00e9 la peur li\u00e9e \u00e0 son grand \u00e2ge. Le parquet a requis la peine capitale, tandis que la d\u00e9fense a plaid\u00e9 les circonstances att\u00e9nuantes.<br \/>\nZemmouri L.<\/p>\n","protected":false},"excerpt":{"rendered":"<p>Le tribunal criminel de premi\u00e8re instance a condamn\u00e9 F.M., 76 ans, \u00e0 la peine capitale pour homicide volontaire. Cette affaire a eu pour th\u00e9\u00e2tre la commune d\u2019Oued Tl\u00e9lat en date du 14 octobre 2024, lorsqu\u2019un homme, H.R., a \u00e9t\u00e9 admis \u00e0 l\u2019EPSP local pr\u00e9sentant de graves blessures au cou et \u00e0 la main. La victime &hellip;<\/p>\n","protected":false},"author":2,"featured_media":0,"comment_status":"closed","ping_status":"closed","sticky":false,"template":"","format":"standard","meta":{"footnotes":""},"categories":[4,6],"tags":[],"class_list":["post-21024","post","type-post","status-publish","format-standard","hentry","category-a-la-une","category-oran"],"_links":{"self":[{"href":"https:\/\/algeriepresse.dz\/index.php?rest_route=\/wp\/v2\/posts\/21024","targetHints":{"allow":["GET"]}}],"collection":[{"href":"https:\/\/algeriepresse.dz\/index.php?rest_route=\/wp\/v2\/posts"}],"about":[{"href":"https:\/\/algeriepresse.dz\/index.php?rest_route=\/wp\/v2\/types\/post"}],"author":[{"embeddable":true,"href":"https:\/\/algeriepresse.dz\/index.php?rest_route=\/wp\/v2\/users\/2"}],"replies":[{"embeddable":true,"href":"https:\/\/algeriepresse.dz\/index.php?rest_route=%2Fwp%2Fv2%2Fcomments&post=21024"}],"version-history":[{"count":1,"href":"https:\/\/algeriepresse.dz\/index.php?rest_route=\/wp\/v2\/posts\/21024\/revisions"}],"predecessor-version":[{"id":21025,"href":"https:\/\/algeriepresse.dz\/index.php?rest_route=\/wp\/v2\/posts\/21024\/revisions\/21025"}],"wp:attachment":[{"href":"https:\/\/algeriepresse.dz\/index.php?rest_route=%2Fwp%2Fv2%2Fmedia&parent=21024"}],"wp:term":[{"taxonomy":"category","embeddable":true,"href":"https:\/\/algeriepresse.dz\/index.php?rest_route=%2Fwp%2Fv2%2Fcategories&post=21024"},{"taxonomy":"post_tag","embeddable":true,"href":"https:\/\/algeriepresse.dz\/index.php?rest_route=%2Fwp%2Fv2%2Ftags&post=21024"}],"curies":[{"name":"wp","href":"https:\/\/api.w.org\/{rel}","templated":true}]}}