{"id":21026,"date":"2026-04-26T18:21:22","date_gmt":"2026-04-26T17:21:22","guid":{"rendered":"https:\/\/algeriepresse.dz\/?p=21026"},"modified":"2026-04-26T18:21:22","modified_gmt":"2026-04-26T17:21:22","slug":"psychologie-et-rthophonie-un-colloque-prevu-le-12-mai","status":"publish","type":"post","link":"https:\/\/algeriepresse.dz\/?p=21026","title":{"rendered":"Psychologie et rthophonie : Un colloque pr\u00e9vu le 12 mai"},"content":{"rendered":"<p>Initialement pr\u00e9vu \u00e0 une date ant\u00e9rieure, le colloque des praticiens sp\u00e9cialis\u00e9s en psychologie et en orthophonie a \u00e9t\u00e9 reprogramm\u00e9 au mardi 12 mai 2026, dans un contexte marqu\u00e9 par de r\u00e9centes \u00e9volutions encadrant les conditions d\u2019exercice professionnel. L\u2019\u00e9v\u00e9nement se tiendra \u00e0 Saint Eug\u00e8ne, \u00e0 proximit\u00e9 de la station de tramway \u00ab Fr\u00e8res Moulay \u00bb, et sera accessible en pr\u00e9sentiel ainsi qu\u2019en ligne.<br \/>\nPlac\u00e9e sous le th\u00e8me d\u2019une pratique \u00ab consciente, scientifique, l\u00e9gale et responsable \u00bb, cette rencontre ambitionne de r\u00e9pondre aux besoins croissants de structuration du secteur. Les organisateurs entendent ainsi offrir un espace d\u2019\u00e9change autour des exigences juridiques, \u00e9thiques et organisationnelles qui encadrent aujourd\u2019hui les m\u00e9tiers de la sant\u00e9 mentale et de la r\u00e9\u00e9ducation.<br \/>\nLe programme pr\u00e9voit une s\u00e9rie d\u2019interventions abordant des probl\u00e9matiques concr\u00e8tes rencontr\u00e9es sur le terrain. Parmi les axes majeurs figurent les limites l\u00e9gales de la pratique, les risques li\u00e9s \u00e0 un diagnostic impr\u00e9cis, la gestion des dossiers th\u00e9rapeutiques, ou encore les obligations en mati\u00e8re de consentement et de confidentialit\u00e9. Des cas pratiques seront \u00e9galement discut\u00e9s, notamment en lien avec les inspections administratives, les litiges judiciaires et les nouvelles normes r\u00e9gissant l\u2019ouverture et l\u2019\u00e9quipement des cabinets.<br \/>\nLa question de la concurrence dans le secteur sera \u00e9galement soulev\u00e9e, avec un focus sur les d\u00e9rives non professionnelles et les moyens de pr\u00e9server l\u2019\u00e9thique du m\u00e9tier. D\u2019autres th\u00e9matiques viendront enrichir les \u00e9changes, telles que la prise en charge des cas complexes, la relation avec les familles, la protection des donn\u00e9es \u00e0 l\u2019\u00e8re des r\u00e9seaux sociaux, ainsi que le travail pluridisciplinaire entre sp\u00e9cialistes. O.A Nadir<\/p>\n","protected":false},"excerpt":{"rendered":"<p>Initialement pr\u00e9vu \u00e0 une date ant\u00e9rieure, le colloque des praticiens sp\u00e9cialis\u00e9s en psychologie et en orthophonie a \u00e9t\u00e9 reprogramm\u00e9 au mardi 12 mai 2026, dans un contexte marqu\u00e9 par de r\u00e9centes \u00e9volutions encadrant les conditions d\u2019exercice professionnel. L\u2019\u00e9v\u00e9nement se tiendra \u00e0 Saint Eug\u00e8ne, \u00e0 proximit\u00e9 de la station de tramway \u00ab Fr\u00e8res Moulay \u00bb, et &hellip;<\/p>\n","protected":false},"author":2,"featured_media":0,"comment_status":"closed","ping_status":"closed","sticky":false,"template":"","format":"standard","meta":{"footnotes":""},"categories":[4,6],"tags":[],"class_list":["post-21026","post","type-post","status-publish","format-standard","hentry","category-a-la-une","category-oran"],"_links":{"self":[{"href":"https:\/\/algeriepresse.dz\/index.php?rest_route=\/wp\/v2\/posts\/21026","targetHints":{"allow":["GET"]}}],"collection":[{"href":"https:\/\/algeriepresse.dz\/index.php?rest_route=\/wp\/v2\/posts"}],"about":[{"href":"https:\/\/algeriepresse.dz\/index.php?rest_route=\/wp\/v2\/types\/post"}],"author":[{"embeddable":true,"href":"https:\/\/algeriepresse.dz\/index.php?rest_route=\/wp\/v2\/users\/2"}],"replies":[{"embeddable":true,"href":"https:\/\/algeriepresse.dz\/index.php?rest_route=%2Fwp%2Fv2%2Fcomments&post=21026"}],"version-history":[{"count":2,"href":"https:\/\/algeriepresse.dz\/index.php?rest_route=\/wp\/v2\/posts\/21026\/revisions"}],"predecessor-version":[{"id":21031,"href":"https:\/\/algeriepresse.dz\/index.php?rest_route=\/wp\/v2\/posts\/21026\/revisions\/21031"}],"wp:attachment":[{"href":"https:\/\/algeriepresse.dz\/index.php?rest_route=%2Fwp%2Fv2%2Fmedia&parent=21026"}],"wp:term":[{"taxonomy":"category","embeddable":true,"href":"https:\/\/algeriepresse.dz\/index.php?rest_route=%2Fwp%2Fv2%2Fcategories&post=21026"},{"taxonomy":"post_tag","embeddable":true,"href":"https:\/\/algeriepresse.dz\/index.php?rest_route=%2Fwp%2Fv2%2Ftags&post=21026"}],"curies":[{"name":"wp","href":"https:\/\/api.w.org\/{rel}","templated":true}]}}