{"id":21047,"date":"2026-04-26T18:31:37","date_gmt":"2026-04-26T17:31:37","guid":{"rendered":"https:\/\/algeriepresse.dz\/?p=21047"},"modified":"2026-04-26T18:31:37","modified_gmt":"2026-04-26T17:31:37","slug":"incendies-agricoles-priorite-au-sud","status":"publish","type":"post","link":"https:\/\/algeriepresse.dz\/?p=21047","title":{"rendered":"Incendies agricoles : Priorit\u00e9 au Sud"},"content":{"rendered":"<p>Le lieutenant-colonel Nassim Bernoui, sous-directeur de la communication et des statistiques \u00e0 la Direction g\u00e9n\u00e9rale de la Protection civile, a pr\u00e9sent\u00e9 hier dimanche les grandes lignes de la strat\u00e9gie nationale de pr\u00e9vention des incendies de cultures agricoles, entr\u00e9e en vigueur le 21 avril 2026, avec un lancement officiel pr\u00e9vu depuis la wilaya de Timimoun.<br \/>\nInvit\u00e9 de la Cha\u00eene 2 de la Radio nationale, Bernoui a expliqu\u00e9 que cette strat\u00e9gie repose sur des programmes de sensibilisation et de formation destin\u00e9s aux acteurs du secteur agricole. Des campagnes de proximit\u00e9 et des sessions de formation pour les conducteurs de moissonneuses-batteuses sont pr\u00e9vues afin de promouvoir la maintenance des \u00e9quipements et le respect des mesures de pr\u00e9vention. La premi\u00e8re phase concerne les wilayas du Sud, en raison de leur forte production c\u00e9r\u00e9ali\u00e8re. La Protection civile y accompagne les agriculteurs et investisseurs \u00e0 travers des actions de terrain visant \u00e0 prot\u00e9ger les r\u00e9coltes et r\u00e9duire les risques d\u2019incendie.<br \/>\nLe plan pr\u00e9voit la mobilisation de 100 camions d\u2019extinction et de 256 agents de la Protection civile, ainsi que le renfort de colonnes mobiles dans certaines wilayas. Timimoun b\u00e9n\u00e9ficie ainsi d\u2019un appui venu de Mascara, tandis qu\u2019In Salah est soutenue par une unit\u00e9 mobile de Tamanrasset.<br \/>\nCes dispositifs visent \u00e0 garantir une intervention rapide et efficace.<br \/>\nBernoui a pr\u00e9cis\u00e9 que ces mesures seront progressivement \u00e9tendues aux Hauts Plateaux et aux wilayas de l\u2019int\u00e9rieur, en parall\u00e8le du lancement des campagnes de r\u00e9colte. Un programme sp\u00e9cifique de pr\u00e9vention des incendies de for\u00eats, de palmeraies et d\u2019arbres fruitiers sera ensuite mis en \u0153uvre, accompagn\u00e9 de campagnes de sensibilisation pour la saison estivale, notamment sur les risques li\u00e9s \u00e0 la baignade en mer et dans les retenues d\u2019eau.<br \/>\nCh.G<\/p>\n","protected":false},"excerpt":{"rendered":"<p>Le lieutenant-colonel Nassim Bernoui, sous-directeur de la communication et des statistiques \u00e0 la Direction g\u00e9n\u00e9rale de la Protection civile, a pr\u00e9sent\u00e9 hier dimanche les grandes lignes de la strat\u00e9gie nationale de pr\u00e9vention des incendies de cultures agricoles, entr\u00e9e en vigueur le 21 avril 2026, avec un lancement officiel pr\u00e9vu depuis la wilaya de Timimoun. Invit\u00e9 &hellip;<\/p>\n","protected":false},"author":2,"featured_media":21048,"comment_status":"closed","ping_status":"closed","sticky":false,"template":"","format":"standard","meta":{"footnotes":""},"categories":[4,5],"tags":[],"class_list":["post-21047","post","type-post","status-publish","format-standard","has-post-thumbnail","hentry","category-a-la-une","category-actualites"],"_links":{"self":[{"href":"https:\/\/algeriepresse.dz\/index.php?rest_route=\/wp\/v2\/posts\/21047","targetHints":{"allow":["GET"]}}],"collection":[{"href":"https:\/\/algeriepresse.dz\/index.php?rest_route=\/wp\/v2\/posts"}],"about":[{"href":"https:\/\/algeriepresse.dz\/index.php?rest_route=\/wp\/v2\/types\/post"}],"author":[{"embeddable":true,"href":"https:\/\/algeriepresse.dz\/index.php?rest_route=\/wp\/v2\/users\/2"}],"replies":[{"embeddable":true,"href":"https:\/\/algeriepresse.dz\/index.php?rest_route=%2Fwp%2Fv2%2Fcomments&post=21047"}],"version-history":[{"count":1,"href":"https:\/\/algeriepresse.dz\/index.php?rest_route=\/wp\/v2\/posts\/21047\/revisions"}],"predecessor-version":[{"id":21049,"href":"https:\/\/algeriepresse.dz\/index.php?rest_route=\/wp\/v2\/posts\/21047\/revisions\/21049"}],"wp:featuredmedia":[{"embeddable":true,"href":"https:\/\/algeriepresse.dz\/index.php?rest_route=\/wp\/v2\/media\/21048"}],"wp:attachment":[{"href":"https:\/\/algeriepresse.dz\/index.php?rest_route=%2Fwp%2Fv2%2Fmedia&parent=21047"}],"wp:term":[{"taxonomy":"category","embeddable":true,"href":"https:\/\/algeriepresse.dz\/index.php?rest_route=%2Fwp%2Fv2%2Fcategories&post=21047"},{"taxonomy":"post_tag","embeddable":true,"href":"https:\/\/algeriepresse.dz\/index.php?rest_route=%2Fwp%2Fv2%2Ftags&post=21047"}],"curies":[{"name":"wp","href":"https:\/\/api.w.org\/{rel}","templated":true}]}}