{"id":21051,"date":"2026-04-26T18:32:21","date_gmt":"2026-04-26T17:32:21","guid":{"rendered":"https:\/\/algeriepresse.dz\/?p=21051"},"modified":"2026-04-26T18:32:21","modified_gmt":"2026-04-26T17:32:21","slug":"nouvelles-formes-de-menaces-cyberattaques-et-guerres-de-lombre","status":"publish","type":"post","link":"https:\/\/algeriepresse.dz\/?p=21051","title":{"rendered":"Nouvelles formes de menaces : Cyberattaques et guerres de l\u2019ombre"},"content":{"rendered":"<p>Le chercheur en affaires strat\u00e9giques, Dr Rachid Allouche, a affirm\u00e9 dimanche que la protection des infrastructures vitales et des installations sensibles constitue un choix strat\u00e9gique et rationnel, au c\u0153ur du syst\u00e8me de d\u00e9fense nationale et de s\u00e9curit\u00e9 globale.<br \/>\nCette approche rejoint les orientations exprim\u00e9es r\u00e9cemment par le G\u00e9n\u00e9ral d\u2019Arm\u00e9e Sa\u00efd Chanegriha lors d\u2019un colloque national consacr\u00e9 \u00e0 la protection des infrastructures face aux nouvelles menaces. Dans son allocution, le chef d\u2019\u00c9tat-major de l\u2019ANP a rappel\u00e9 que ces infrastructures ne sont plus de simples actifs \u00e9conomiques, mais de v\u00e9ritables \u00ab art\u00e8res de vie \u00bb irriguant l\u2019\u00c9tat moderne. Leur r\u00f4le d\u00e9passe la production et le transport : elles conditionnent la stabilit\u00e9 nationale et la s\u00e9curit\u00e9 globale.<br \/>\nInvit\u00e9 de la Radio nationale, Allouche a soulign\u00e9 que le renforcement de la vigilance strat\u00e9gique est devenu indispensable dans un contexte mondial marqu\u00e9 par des alliances mouvantes, une baisse de confiance entre \u00c9tats et une mont\u00e9e du recours \u00e0 la force dans les relations internationales. Il a rappel\u00e9 que de nombreux pays adoptent d\u00e9sormais des strat\u00e9gies flexibles et rapides pour s\u2019adapter \u00e0 l\u2019impr\u00e9visibilit\u00e9 des \u00e9volutions politiques.<br \/>\nSelon lui, la r\u00e9ponse \u00e0 ces d\u00e9fis exige une planification anticipative, une capacit\u00e9 d\u2019adaptation et une coordination accrue entre les institutions s\u00e9curitaires, diplomatiques et \u00e9conomiques. Il a \u00e9galement mis en garde contre l\u2019affaiblissement du droit international et des organisations multilat\u00e9rales, qui accentue les risques s\u00e9curitaires et pousse les \u00c9tats \u00e0 compter davantage sur leurs propres moyens.<br \/>\nAllouche a insist\u00e9 sur l\u2019importance des colloques organis\u00e9s par l\u2019Arm\u00e9e nationale populaire, qui ne sont pas de simples rencontres formelles mais de v\u00e9ritables plateformes de sensibilisation et de coordination. Ces \u00e9v\u00e9nements permettent de renforcer la coop\u00e9ration entre secteurs strat\u00e9giques tels que l\u2019\u00e9nergie, les transports et les t\u00e9l\u00e9communications, d\u2019\u00e9changer des expertises et de mettre en place des plans communs de gestion des crises.<br \/>\nLe chercheur a rappel\u00e9 que les guerres modernes ne se limitent plus aux affrontements militaires classiques. Les infrastructures vitales \u2013 r\u00e9seaux \u00e9nerg\u00e9tiques, syst\u00e8mes de communication \u2013 sont d\u00e9sormais des cibles privil\u00e9gi\u00e9es dans ce qu\u2019il appelle les \u00ab guerres de l\u2019ombre \u00bb ou asym\u00e9triques. Les conflits r\u00e9cents, comme en Ukraine ou au Moyen-Orient, ont montr\u00e9 que la paralysie d\u2019un pays peut \u00eatre obtenue par l\u2019attaque de ses infrastructures sans confrontation directe.<br \/>\nAllouche a \u00e9galement alert\u00e9 sur les menaces en temps de paix, notamment les cyberattaques et l\u2019utilisation de technologies avanc\u00e9es comme l\u2019intelligence artificielle dans des op\u00e9rations de sabotage. Ces \u00e9volutions rendent plus difficile l\u2019identification des auteurs et exigent une approche globale, pr\u00e9ventive et inclusive, impliquant aussi bien les secteurs publics que priv\u00e9s.<br \/>\nG. Salima<\/p>\n","protected":false},"excerpt":{"rendered":"<p>Le chercheur en affaires strat\u00e9giques, Dr Rachid Allouche, a affirm\u00e9 dimanche que la protection des infrastructures vitales et des installations sensibles constitue un choix strat\u00e9gique et rationnel, au c\u0153ur du syst\u00e8me de d\u00e9fense nationale et de s\u00e9curit\u00e9 globale. Cette approche rejoint les orientations exprim\u00e9es r\u00e9cemment par le G\u00e9n\u00e9ral d\u2019Arm\u00e9e Sa\u00efd Chanegriha lors d\u2019un colloque national &hellip;<\/p>\n","protected":false},"author":2,"featured_media":21053,"comment_status":"closed","ping_status":"closed","sticky":false,"template":"","format":"standard","meta":{"footnotes":""},"categories":[4,5],"tags":[],"class_list":["post-21051","post","type-post","status-publish","format-standard","has-post-thumbnail","hentry","category-a-la-une","category-actualites"],"_links":{"self":[{"href":"https:\/\/algeriepresse.dz\/index.php?rest_route=\/wp\/v2\/posts\/21051","targetHints":{"allow":["GET"]}}],"collection":[{"href":"https:\/\/algeriepresse.dz\/index.php?rest_route=\/wp\/v2\/posts"}],"about":[{"href":"https:\/\/algeriepresse.dz\/index.php?rest_route=\/wp\/v2\/types\/post"}],"author":[{"embeddable":true,"href":"https:\/\/algeriepresse.dz\/index.php?rest_route=\/wp\/v2\/users\/2"}],"replies":[{"embeddable":true,"href":"https:\/\/algeriepresse.dz\/index.php?rest_route=%2Fwp%2Fv2%2Fcomments&post=21051"}],"version-history":[{"count":1,"href":"https:\/\/algeriepresse.dz\/index.php?rest_route=\/wp\/v2\/posts\/21051\/revisions"}],"predecessor-version":[{"id":21054,"href":"https:\/\/algeriepresse.dz\/index.php?rest_route=\/wp\/v2\/posts\/21051\/revisions\/21054"}],"wp:featuredmedia":[{"embeddable":true,"href":"https:\/\/algeriepresse.dz\/index.php?rest_route=\/wp\/v2\/media\/21053"}],"wp:attachment":[{"href":"https:\/\/algeriepresse.dz\/index.php?rest_route=%2Fwp%2Fv2%2Fmedia&parent=21051"}],"wp:term":[{"taxonomy":"category","embeddable":true,"href":"https:\/\/algeriepresse.dz\/index.php?rest_route=%2Fwp%2Fv2%2Fcategories&post=21051"},{"taxonomy":"post_tag","embeddable":true,"href":"https:\/\/algeriepresse.dz\/index.php?rest_route=%2Fwp%2Fv2%2Ftags&post=21051"}],"curies":[{"name":"wp","href":"https:\/\/api.w.org\/{rel}","templated":true}]}}