{"id":21056,"date":"2026-04-27T18:42:43","date_gmt":"2026-04-27T17:42:43","guid":{"rendered":"https:\/\/algeriepresse.dz\/?p=21056"},"modified":"2026-04-27T18:42:43","modified_gmt":"2026-04-27T17:42:43","slug":"depistage-precoce-du-cancer-mobilisation-collective-au-chu","status":"publish","type":"post","link":"https:\/\/algeriepresse.dz\/?p=21056","title":{"rendered":"D\u00e9pistage pr\u00e9coce du cancer : Mobilisation collective au CHU"},"content":{"rendered":"<p>Le Centre hospitalo-universitaire d\u2019Oran a abrit\u00e9, dimanche, le lancement d\u2019une campagne nationale de sensibilisation \u00e0 la pr\u00e9vention du cancer, sous le slogan : \u00ab Le d\u00e9pistage pr\u00e9coce\u2026 un rempart pour la vie \u00bb.<br \/>\nOrganis\u00e9e \u00e0 l\u2019amphith\u00e9\u00e2tre p\u00e9dagogique \u00ab Mohamed Gharbi \u00bb, cette initiative port\u00e9e par la Coordination de la soci\u00e9t\u00e9 civile de la wilaya d\u2019Oran a rassembl\u00e9 de nombreux professionnels de la sant\u00e9 ainsi que des repr\u00e9sentants du secteur m\u00e9dical. L\u2019objectif principal est de sensibiliser les citoyens \u00e0 l\u2019importance du d\u00e9pistage pr\u00e9coce, consid\u00e9r\u00e9 comme un facteur d\u00e9terminant pour am\u00e9liorer les chances de gu\u00e9rison et r\u00e9duire la mortalit\u00e9 li\u00e9e au cancer.<br \/>\nPlusieurs responsables m\u00e9dicaux, dont le directeur des activit\u00e9s m\u00e9dicales et param\u00e9dicales, ainsi que des chefs de services hospitaliers, ont pris part \u00e0 cette rencontre.<br \/>\nLeurs interventions ont permis de mettre en avant les avanc\u00e9es en mati\u00e8re de diagnostic et de prise en charge, tout en insistant sur le r\u00f4le cl\u00e9 de la pr\u00e9vention. \u00c0 travers cette campagne, les organisateurs ambitionnent de r\u00e9duire le d\u00e9ficit d\u2019information sanitaire et de rapprocher davantage les comp\u00e9tences m\u00e9dicales de la population. Fay\u00e7al A.<\/p>\n","protected":false},"excerpt":{"rendered":"<p>Le Centre hospitalo-universitaire d\u2019Oran a abrit\u00e9, dimanche, le lancement d\u2019une campagne nationale de sensibilisation \u00e0 la pr\u00e9vention du cancer, sous le slogan : \u00ab Le d\u00e9pistage pr\u00e9coce\u2026 un rempart pour la vie \u00bb. Organis\u00e9e \u00e0 l\u2019amphith\u00e9\u00e2tre p\u00e9dagogique \u00ab Mohamed Gharbi \u00bb, cette initiative port\u00e9e par la Coordination de la soci\u00e9t\u00e9 civile de la wilaya d\u2019Oran &hellip;<\/p>\n","protected":false},"author":2,"featured_media":21062,"comment_status":"closed","ping_status":"closed","sticky":false,"template":"","format":"standard","meta":{"footnotes":""},"categories":[4,6],"tags":[],"class_list":["post-21056","post","type-post","status-publish","format-standard","has-post-thumbnail","hentry","category-a-la-une","category-oran"],"_links":{"self":[{"href":"https:\/\/algeriepresse.dz\/index.php?rest_route=\/wp\/v2\/posts\/21056","targetHints":{"allow":["GET"]}}],"collection":[{"href":"https:\/\/algeriepresse.dz\/index.php?rest_route=\/wp\/v2\/posts"}],"about":[{"href":"https:\/\/algeriepresse.dz\/index.php?rest_route=\/wp\/v2\/types\/post"}],"author":[{"embeddable":true,"href":"https:\/\/algeriepresse.dz\/index.php?rest_route=\/wp\/v2\/users\/2"}],"replies":[{"embeddable":true,"href":"https:\/\/algeriepresse.dz\/index.php?rest_route=%2Fwp%2Fv2%2Fcomments&post=21056"}],"version-history":[{"count":1,"href":"https:\/\/algeriepresse.dz\/index.php?rest_route=\/wp\/v2\/posts\/21056\/revisions"}],"predecessor-version":[{"id":21063,"href":"https:\/\/algeriepresse.dz\/index.php?rest_route=\/wp\/v2\/posts\/21056\/revisions\/21063"}],"wp:featuredmedia":[{"embeddable":true,"href":"https:\/\/algeriepresse.dz\/index.php?rest_route=\/wp\/v2\/media\/21062"}],"wp:attachment":[{"href":"https:\/\/algeriepresse.dz\/index.php?rest_route=%2Fwp%2Fv2%2Fmedia&parent=21056"}],"wp:term":[{"taxonomy":"category","embeddable":true,"href":"https:\/\/algeriepresse.dz\/index.php?rest_route=%2Fwp%2Fv2%2Fcategories&post=21056"},{"taxonomy":"post_tag","embeddable":true,"href":"https:\/\/algeriepresse.dz\/index.php?rest_route=%2Fwp%2Fv2%2Ftags&post=21056"}],"curies":[{"name":"wp","href":"https:\/\/api.w.org\/{rel}","templated":true}]}}