{"id":21057,"date":"2026-04-27T18:43:02","date_gmt":"2026-04-27T17:43:02","guid":{"rendered":"https:\/\/algeriepresse.dz\/?p=21057"},"modified":"2026-04-27T18:43:02","modified_gmt":"2026-04-27T17:43:02","slug":"en-situation-de-handicap-122-eleves-passeront-les-examens-de-fin-dannee","status":"publish","type":"post","link":"https:\/\/algeriepresse.dz\/?p=21057","title":{"rendered":"En situation de handicap : 122 \u00e9l\u00e8ves passeront les examens de fin d\u2019ann\u00e9e"},"content":{"rendered":"<p>\u00c0 Oran, la Direction de l\u2019Action Sociale (DAS) a annonc\u00e9 un ensemble de mesures destin\u00e9es \u00e0 assurer le bon d\u00e9roulement des examens scolaires de fin d\u2019ann\u00e9e au profit des \u00e9l\u00e8ves en situation de handicap. Une organisation qui s\u2019inscrit dans une d\u00e9marche d\u2019accompagnement et d\u2019\u00e9galit\u00e9 des chances.<br \/>\nCette ann\u00e9e, 122 \u00e9l\u00e8ves sont concern\u00e9s par les diff\u00e9rentes \u00e9preuves nationales et \u00e9valuations p\u00e9dagogiques. Ils se r\u00e9partissent entre 31 candidats au baccalaur\u00e9at, 72 au brevet de l\u2019enseignement moyen et 19 \u00e9l\u00e8ves relevant de l\u2019\u00e9valuation des acquis de la cinqui\u00e8me ann\u00e9e primaire.<br \/>\nAfin de garantir des conditions adapt\u00e9es, la DAS indique que des am\u00e9nagements sp\u00e9cifiques ont \u00e9t\u00e9 retenus. Des salles d\u2019examen \u00e9quip\u00e9es seront mises \u00e0 disposition, en fonction des besoins des candidats, afin de leur permettre de composer dans un cadre accessible, s\u00e9curis\u00e9 et adapt\u00e9 \u00e0 leurs situations.<br \/>\nEn parall\u00e8le, l\u2019accompagnement de ces \u00e9l\u00e8ves repose \u00e9galement sur la mobilisation d\u2019acteurs associatifs locaux. La DAS cite notamment l\u2019organisation nationale des non-voyants, qui assure un suivi p\u00e9dagogique tout au long de l\u2019ann\u00e9e scolaire \u00e0 travers des s\u00e9ances de soutien encadr\u00e9es par des enseignants b\u00e9n\u00e9voles. Un dispositif destin\u00e9 \u00e0 consolider les acquis et \u00e0 renforcer la pr\u00e9paration aux examens.<br \/>\nNotons qu\u2019un budget de 300 millions de centimes a \u00e9t\u00e9 mobilis\u00e9 d\u00e8s le d\u00e9but de l\u2019ann\u00e9e scolaire pour l\u2019acquisition d\u2019environ 440 \u00e9quipements et outils p\u00e9dagogiques adapt\u00e9s. Ces moyens concernent notamment des supports d\u2019apprentissage en math\u00e9matiques et en sciences, des outils de dessin, ainsi que du mat\u00e9riel en braille destin\u00e9 aux \u00e9l\u00e8ves non-voyants.<br \/>\nK.B<\/p>\n<p>&nbsp;<\/p>\n","protected":false},"excerpt":{"rendered":"<p>\u00c0 Oran, la Direction de l\u2019Action Sociale (DAS) a annonc\u00e9 un ensemble de mesures destin\u00e9es \u00e0 assurer le bon d\u00e9roulement des examens scolaires de fin d\u2019ann\u00e9e au profit des \u00e9l\u00e8ves en situation de handicap. Une organisation qui s\u2019inscrit dans une d\u00e9marche d\u2019accompagnement et d\u2019\u00e9galit\u00e9 des chances. Cette ann\u00e9e, 122 \u00e9l\u00e8ves sont concern\u00e9s par les diff\u00e9rentes &hellip;<\/p>\n","protected":false},"author":2,"featured_media":0,"comment_status":"closed","ping_status":"closed","sticky":false,"template":"","format":"standard","meta":{"footnotes":""},"categories":[4,6],"tags":[],"class_list":["post-21057","post","type-post","status-publish","format-standard","hentry","category-a-la-une","category-oran"],"_links":{"self":[{"href":"https:\/\/algeriepresse.dz\/index.php?rest_route=\/wp\/v2\/posts\/21057","targetHints":{"allow":["GET"]}}],"collection":[{"href":"https:\/\/algeriepresse.dz\/index.php?rest_route=\/wp\/v2\/posts"}],"about":[{"href":"https:\/\/algeriepresse.dz\/index.php?rest_route=\/wp\/v2\/types\/post"}],"author":[{"embeddable":true,"href":"https:\/\/algeriepresse.dz\/index.php?rest_route=\/wp\/v2\/users\/2"}],"replies":[{"embeddable":true,"href":"https:\/\/algeriepresse.dz\/index.php?rest_route=%2Fwp%2Fv2%2Fcomments&post=21057"}],"version-history":[{"count":1,"href":"https:\/\/algeriepresse.dz\/index.php?rest_route=\/wp\/v2\/posts\/21057\/revisions"}],"predecessor-version":[{"id":21064,"href":"https:\/\/algeriepresse.dz\/index.php?rest_route=\/wp\/v2\/posts\/21057\/revisions\/21064"}],"wp:attachment":[{"href":"https:\/\/algeriepresse.dz\/index.php?rest_route=%2Fwp%2Fv2%2Fmedia&parent=21057"}],"wp:term":[{"taxonomy":"category","embeddable":true,"href":"https:\/\/algeriepresse.dz\/index.php?rest_route=%2Fwp%2Fv2%2Fcategories&post=21057"},{"taxonomy":"post_tag","embeddable":true,"href":"https:\/\/algeriepresse.dz\/index.php?rest_route=%2Fwp%2Fv2%2Ftags&post=21057"}],"curies":[{"name":"wp","href":"https:\/\/api.w.org\/{rel}","templated":true}]}}