{"id":21058,"date":"2026-04-27T18:43:27","date_gmt":"2026-04-27T17:43:27","guid":{"rendered":"https:\/\/algeriepresse.dz\/?p=21058"},"modified":"2026-04-27T18:43:27","modified_gmt":"2026-04-27T17:43:27","slug":"moissonneuses-batteuses-une-certification-pour-les-conducteurs","status":"publish","type":"post","link":"https:\/\/algeriepresse.dz\/?p=21058","title":{"rendered":"Moissonneuses-batteuses:  Une certification  pour les conducteurs"},"content":{"rendered":"<p>La Direction de la formation et de l\u2019enseignement professionnels a lanc\u00e9, dimanche, une op\u00e9ration de certification des comp\u00e9tences dans la sp\u00e9cialit\u00e9 de conducteur de moissonneuse-batteuse, inscrite dans le programme de m\u00e9canisation agricole. Cette initiative s\u2019est d\u00e9roul\u00e9e \u00e0 l\u2019unit\u00e9 de Sidi Belkheir, \u00e0 Oued Tl\u00e9lat, relevant de la Coop\u00e9rative des c\u00e9r\u00e9ales et des l\u00e9gumes secs (CCLS), en pr\u00e9sence de repr\u00e9sentants de la Direction des services agricoles (DSA) et de la Chambre d\u2019agriculture.<br \/>\nAu-del\u00e0 de la simple validation des acquis, cette d\u00e9marche vise \u00e0 reconna\u00eetre officiellement l\u2019exp\u00e9rience des professionnels d\u00e9j\u00e0 en activit\u00e9, tout en ouvrant des perspectives d\u2019insertion aux jeunes attir\u00e9s par les m\u00e9tiers agricoles modernes.<br \/>\nFace aux enjeux de productivit\u00e9 et de rendement, notamment dans la fili\u00e8re c\u00e9r\u00e9ali\u00e8re, la m\u00e9canisation appara\u00eet comme un levier incontournable. Dans ce contexte, la formation de conducteurs qualifi\u00e9s constitue un maillon essentiel pour assurer une exploitation optimale des \u00e9quipements agricoles.<br \/>\nF.A<\/p>\n","protected":false},"excerpt":{"rendered":"<p>La Direction de la formation et de l\u2019enseignement professionnels a lanc\u00e9, dimanche, une op\u00e9ration de certification des comp\u00e9tences dans la sp\u00e9cialit\u00e9 de conducteur de moissonneuse-batteuse, inscrite dans le programme de m\u00e9canisation agricole. Cette initiative s\u2019est d\u00e9roul\u00e9e \u00e0 l\u2019unit\u00e9 de Sidi Belkheir, \u00e0 Oued Tl\u00e9lat, relevant de la Coop\u00e9rative des c\u00e9r\u00e9ales et des l\u00e9gumes secs (CCLS), &hellip;<\/p>\n","protected":false},"author":2,"featured_media":21065,"comment_status":"closed","ping_status":"closed","sticky":false,"template":"","format":"standard","meta":{"footnotes":""},"categories":[4,6],"tags":[],"class_list":["post-21058","post","type-post","status-publish","format-standard","has-post-thumbnail","hentry","category-a-la-une","category-oran"],"_links":{"self":[{"href":"https:\/\/algeriepresse.dz\/index.php?rest_route=\/wp\/v2\/posts\/21058","targetHints":{"allow":["GET"]}}],"collection":[{"href":"https:\/\/algeriepresse.dz\/index.php?rest_route=\/wp\/v2\/posts"}],"about":[{"href":"https:\/\/algeriepresse.dz\/index.php?rest_route=\/wp\/v2\/types\/post"}],"author":[{"embeddable":true,"href":"https:\/\/algeriepresse.dz\/index.php?rest_route=\/wp\/v2\/users\/2"}],"replies":[{"embeddable":true,"href":"https:\/\/algeriepresse.dz\/index.php?rest_route=%2Fwp%2Fv2%2Fcomments&post=21058"}],"version-history":[{"count":1,"href":"https:\/\/algeriepresse.dz\/index.php?rest_route=\/wp\/v2\/posts\/21058\/revisions"}],"predecessor-version":[{"id":21066,"href":"https:\/\/algeriepresse.dz\/index.php?rest_route=\/wp\/v2\/posts\/21058\/revisions\/21066"}],"wp:featuredmedia":[{"embeddable":true,"href":"https:\/\/algeriepresse.dz\/index.php?rest_route=\/wp\/v2\/media\/21065"}],"wp:attachment":[{"href":"https:\/\/algeriepresse.dz\/index.php?rest_route=%2Fwp%2Fv2%2Fmedia&parent=21058"}],"wp:term":[{"taxonomy":"category","embeddable":true,"href":"https:\/\/algeriepresse.dz\/index.php?rest_route=%2Fwp%2Fv2%2Fcategories&post=21058"},{"taxonomy":"post_tag","embeddable":true,"href":"https:\/\/algeriepresse.dz\/index.php?rest_route=%2Fwp%2Fv2%2Ftags&post=21058"}],"curies":[{"name":"wp","href":"https:\/\/api.w.org\/{rel}","templated":true}]}}