{"id":21059,"date":"2026-04-27T18:44:16","date_gmt":"2026-04-27T17:44:16","guid":{"rendered":"https:\/\/algeriepresse.dz\/?p=21059"},"modified":"2026-04-27T18:44:16","modified_gmt":"2026-04-27T17:44:16","slug":"ain-el-turck-cest-deja-la-ruee-vers-les-criques","status":"publish","type":"post","link":"https:\/\/algeriepresse.dz\/?p=21059","title":{"rendered":"A\u00efn El Turck : C\u2019est d\u00e9j\u00e0 la ru\u00e9e vers les criques"},"content":{"rendered":"<p>\u00c0 peine le printemps install\u00e9, le littoral ouest d\u2019Oran conna\u00eet une affluence inhabituelle. \u00c0 A\u00efn El Turck, les criques autrefois calmes en cette p\u00e9riode de l\u2019ann\u00e9e sont d\u00e9sormais prises d\u2019assaut d\u00e8s les week-ends d\u2019avril, r\u00e9v\u00e9lant une tendance qui s\u2019installe progressivement : la saison estivale semble commencer de plus en plus t\u00f4t.<\/p>\n<p>Selon plusieurs observations de terrain effectu\u00e9es ces derni\u00e8res semaines, notamment du c\u00f4t\u00e9 de Cap Falcon et des zones rocheuses isol\u00e9es entre Bousfer et Les Andalouses, la fr\u00e9quentation a nettement augment\u00e9 par rapport aux m\u00eames p\u00e9riodes il y a quelques ann\u00e9es. Familles, groupes de jeunes et couples s\u2019y rendent d\u00e9sormais d\u00e8s les premi\u00e8res hausses de temp\u00e9rature, parfois d\u00e8s la fin de matin\u00e9e.<br \/>\nCette \u00e9volution s\u2019inscrit dans un contexte climatique marqu\u00e9 par des \u00e9pisodes de chaleur plus pr\u00e9coces. D\u2019apr\u00e8s les donn\u00e9es de l\u2019Office National de la M\u00e9t\u00e9orologie, les temp\u00e9ratures enregistr\u00e9es dans l\u2019ouest du pays au mois d\u2019avril ont, \u00e0 plusieurs reprises ces derni\u00e8res ann\u00e9es, d\u00e9pass\u00e9 les normales saisonni\u00e8res, atteignant ponctuellement les 28 \u00e0 32 degr\u00e9s, avant de redescendre de plus belle. Un facteur d\u00e9terminant dans l\u2019anticipation des comportements estivaux.<br \/>\nSur place, les premiers signes de cette dynamique sont visibles : parkings improvis\u00e9s, vendeurs ambulants install\u00e9s \u00e0 l\u2019entr\u00e9e des acc\u00e8s difficiles, et circulation dense sur les axes menant vers le littoral, notamment la route reliant Oran \u00e0 A\u00efn El Turck. Bien que l\u2019activit\u00e9 reste encore informelle \u00e0 cette p\u00e9riode, elle pr\u00e9figure d\u00e9j\u00e0 l\u2019\u00e9conomie saisonni\u00e8re qui s\u2019intensifie habituellement \u00e0 partir de juin.<br \/>\n\u00ab Avant, on venait ici tranquilles en mai. Maintenant, d\u00e8s avril, c\u2019est plein \u00bb, confie un habitu\u00e9 rencontr\u00e9 \u00e0 Cap Falcon. M\u00eame constat chez un vendeur de boissons install\u00e9 de mani\u00e8re temporaire : \u00ab On commence plus t\u00f4t parce qu\u2019il y a d\u00e9j\u00e0 du monde. Sinon, \u00e7a ne vaut pas le d\u00e9placement. \u00bb<br \/>\nCette fr\u00e9quentation anticip\u00e9e pose \u00e9galement des d\u00e9fis en mati\u00e8re de gestion environnementale. Plusieurs visiteurs \u00e9voquent la pr\u00e9sence de d\u00e9chets laiss\u00e9s sur certaines criques peu surveill\u00e9es. L\u2019absence de dispositifs de collecte r\u00e9guli\u00e8re en dehors de la haute saison accentue ce ph\u00e9nom\u00e8ne, d\u00e9j\u00e0 observ\u00e9 les ann\u00e9es pr\u00e9c\u00e9dentes par des associations locales actives dans la protection du littoral.<br \/>\nPar ailleurs, les services de s\u00e9curit\u00e9 et de protection civile ne sont pas encore pleinement d\u00e9ploy\u00e9s \u00e0 cette p\u00e9riode, ce qui soul\u00e8ve des questions sur les conditions de baignade dans des zones non surveill\u00e9es. Chaque ann\u00e9e, la Protection Civile Alg\u00e9rienne rappelle les risques li\u00e9s aux baignades pr\u00e9coces, notamment dans les zones rocheuses et les criques difficiles d\u2019acc\u00e8s.<br \/>\nEn filigrane, cette ru\u00e9e pr\u00e9coce vers les criques traduit une mutation des habitudes des Oranais, entre recherche d\u2019\u00e9vasion rapide, pression urbaine et adaptation aux nouvelles r\u00e9alit\u00e9s climatiques. Si le ph\u00e9nom\u00e8ne reste encore limit\u00e9 \u00e0 certains jours et \u00e0 des zones sp\u00e9cifiques, il pourrait, \u00e0 terme, red\u00e9finir le calendrier informel de la saison estivale dans la r\u00e9gion.<br \/>\nO.A Nadir<\/p>\n","protected":false},"excerpt":{"rendered":"<p>\u00c0 peine le printemps install\u00e9, le littoral ouest d\u2019Oran conna\u00eet une affluence inhabituelle. \u00c0 A\u00efn El Turck, les criques autrefois calmes en cette p\u00e9riode de l\u2019ann\u00e9e sont d\u00e9sormais prises d\u2019assaut d\u00e8s les week-ends d\u2019avril, r\u00e9v\u00e9lant une tendance qui s\u2019installe progressivement : la saison estivale semble commencer de plus en plus t\u00f4t. Selon plusieurs observations de &hellip;<\/p>\n","protected":false},"author":2,"featured_media":0,"comment_status":"closed","ping_status":"closed","sticky":false,"template":"","format":"standard","meta":{"footnotes":""},"categories":[4,6],"tags":[],"class_list":["post-21059","post","type-post","status-publish","format-standard","hentry","category-a-la-une","category-oran"],"_links":{"self":[{"href":"https:\/\/algeriepresse.dz\/index.php?rest_route=\/wp\/v2\/posts\/21059","targetHints":{"allow":["GET"]}}],"collection":[{"href":"https:\/\/algeriepresse.dz\/index.php?rest_route=\/wp\/v2\/posts"}],"about":[{"href":"https:\/\/algeriepresse.dz\/index.php?rest_route=\/wp\/v2\/types\/post"}],"author":[{"embeddable":true,"href":"https:\/\/algeriepresse.dz\/index.php?rest_route=\/wp\/v2\/users\/2"}],"replies":[{"embeddable":true,"href":"https:\/\/algeriepresse.dz\/index.php?rest_route=%2Fwp%2Fv2%2Fcomments&post=21059"}],"version-history":[{"count":1,"href":"https:\/\/algeriepresse.dz\/index.php?rest_route=\/wp\/v2\/posts\/21059\/revisions"}],"predecessor-version":[{"id":21068,"href":"https:\/\/algeriepresse.dz\/index.php?rest_route=\/wp\/v2\/posts\/21059\/revisions\/21068"}],"wp:attachment":[{"href":"https:\/\/algeriepresse.dz\/index.php?rest_route=%2Fwp%2Fv2%2Fmedia&parent=21059"}],"wp:term":[{"taxonomy":"category","embeddable":true,"href":"https:\/\/algeriepresse.dz\/index.php?rest_route=%2Fwp%2Fv2%2Fcategories&post=21059"},{"taxonomy":"post_tag","embeddable":true,"href":"https:\/\/algeriepresse.dz\/index.php?rest_route=%2Fwp%2Fv2%2Ftags&post=21059"}],"curies":[{"name":"wp","href":"https:\/\/api.w.org\/{rel}","templated":true}]}}