{"id":21072,"date":"2026-04-27T18:46:29","date_gmt":"2026-04-27T17:46:29","guid":{"rendered":"https:\/\/algeriepresse.dz\/?p=21072"},"modified":"2026-04-27T18:46:29","modified_gmt":"2026-04-27T17:46:29","slug":"macron-se-facher-avec-lalgerie-est-absurde","status":"publish","type":"post","link":"https:\/\/algeriepresse.dz\/?p=21072","title":{"rendered":"Macron :  \u201cSe f\u00e2cher avec l\u2019Alg\u00e9rie est absurde\u201d"},"content":{"rendered":"<p>&nbsp;<\/p>\n<p>En d\u00e9placement dans l\u2019Ari\u00e8ge le 27 avril 2026, Emmanuel Macron s\u2019est montr\u00e9 particuli\u00e8rement virulent contre ceux qui pr\u00f4nent une rupture avec Alger. Interrog\u00e9 sur la situation des praticiens \u00e0 dipl\u00f4me hors Union europ\u00e9enne (Padhue), dont une large proportion est issue d\u2019Alg\u00e9rie, il a d\u00e9nonc\u00e9 \u00ab les mabouls qui disent qu\u2019il faut se f\u00e2cher avec l\u2019Alg\u00e9rie \u00bb, rappelant implicitement l\u2019importance strat\u00e9gique de ce partenaire.<\/p>\n<p>Cette sortie s\u2019inscrit dans un contexte marqu\u00e9 par des tensions r\u00e9currentes entre Paris et Alger. Depuis la crise diplomatique de 2021-2022, d\u00e9clench\u00e9e par la r\u00e9duction des visas et des propos jug\u00e9s offensants, les deux capitales ont altern\u00e9 entre confrontation et rapprochement. En 2023, un apaisement relatif s\u2019est op\u00e9r\u00e9 avec la reprise du dialogue et la signature d\u2019accords de coop\u00e9ration, notamment dans le domaine \u00e9nerg\u00e9tique. Mais d\u00e8s 2024, une partie de la droite fran\u00e7aise, incarn\u00e9e par Bruno Retailleau, a d\u00e9nonc\u00e9 la \u00ab faiblesse \u00bb de Paris face \u00e0 Alger, tandis que l\u2019extr\u00eame droite, \u00e0 l\u2019image de Jordan Bardella, promettait un bras de fer diplomatique. \u00c0 l\u2019inverse, Laurent Nu\u00f1ez, nomm\u00e9 ministre de l\u2019Int\u00e9rieur, avait d\u00e9fendu une ligne plus pragmatique, estimant que la brutalit\u00e9 n\u2019\u00e9tait pas une solution.<br \/>\nMacron, en reprenant cette logique, r\u00e9affirme que la relation avec l\u2019Alg\u00e9rie ne peut \u00eatre r\u00e9duite \u00e0 un affrontement id\u00e9ologique. Au-del\u00e0 des pol\u00e9miques, la coop\u00e9ration reste vitale : l\u2019Alg\u00e9rie est un fournisseur \u00e9nerg\u00e9tique cl\u00e9, un acteur s\u00e9curitaire incontournable dans la r\u00e9gion sah\u00e9lienne et un pays dont les liens humains avec la France sont profonds, notamment \u00e0 travers la diaspora et les praticiens de sant\u00e9. En d\u00e9non\u00e7ant les partisans du conflit, Macron cherche \u00e0 repositionner la relation sur une base de rationalit\u00e9 et d\u2019int\u00e9r\u00eat mutuel, tout en rappelant que l\u2019histoire complexe entre les deux pays impose une gestion fine, loin des slogans politiques.<br \/>\nT. Feriel<\/p>\n","protected":false},"excerpt":{"rendered":"<p>&nbsp; En d\u00e9placement dans l\u2019Ari\u00e8ge le 27 avril 2026, Emmanuel Macron s\u2019est montr\u00e9 particuli\u00e8rement virulent contre ceux qui pr\u00f4nent une rupture avec Alger. Interrog\u00e9 sur la situation des praticiens \u00e0 dipl\u00f4me hors Union europ\u00e9enne (Padhue), dont une large proportion est issue d\u2019Alg\u00e9rie, il a d\u00e9nonc\u00e9 \u00ab les mabouls qui disent qu\u2019il faut se f\u00e2cher avec &hellip;<\/p>\n","protected":false},"author":2,"featured_media":21080,"comment_status":"closed","ping_status":"closed","sticky":false,"template":"","format":"standard","meta":{"footnotes":""},"categories":[4,5,28],"tags":[],"class_list":["post-21072","post","type-post","status-publish","format-standard","has-post-thumbnail","hentry","category-a-la-une","category-actualites","category-tie-world"],"_links":{"self":[{"href":"https:\/\/algeriepresse.dz\/index.php?rest_route=\/wp\/v2\/posts\/21072","targetHints":{"allow":["GET"]}}],"collection":[{"href":"https:\/\/algeriepresse.dz\/index.php?rest_route=\/wp\/v2\/posts"}],"about":[{"href":"https:\/\/algeriepresse.dz\/index.php?rest_route=\/wp\/v2\/types\/post"}],"author":[{"embeddable":true,"href":"https:\/\/algeriepresse.dz\/index.php?rest_route=\/wp\/v2\/users\/2"}],"replies":[{"embeddable":true,"href":"https:\/\/algeriepresse.dz\/index.php?rest_route=%2Fwp%2Fv2%2Fcomments&post=21072"}],"version-history":[{"count":1,"href":"https:\/\/algeriepresse.dz\/index.php?rest_route=\/wp\/v2\/posts\/21072\/revisions"}],"predecessor-version":[{"id":21081,"href":"https:\/\/algeriepresse.dz\/index.php?rest_route=\/wp\/v2\/posts\/21072\/revisions\/21081"}],"wp:featuredmedia":[{"embeddable":true,"href":"https:\/\/algeriepresse.dz\/index.php?rest_route=\/wp\/v2\/media\/21080"}],"wp:attachment":[{"href":"https:\/\/algeriepresse.dz\/index.php?rest_route=%2Fwp%2Fv2%2Fmedia&parent=21072"}],"wp:term":[{"taxonomy":"category","embeddable":true,"href":"https:\/\/algeriepresse.dz\/index.php?rest_route=%2Fwp%2Fv2%2Fcategories&post=21072"},{"taxonomy":"post_tag","embeddable":true,"href":"https:\/\/algeriepresse.dz\/index.php?rest_route=%2Fwp%2Fv2%2Ftags&post=21072"}],"curies":[{"name":"wp","href":"https:\/\/api.w.org\/{rel}","templated":true}]}}