{"id":21073,"date":"2026-04-27T18:47:04","date_gmt":"2026-04-27T17:47:04","guid":{"rendered":"https:\/\/algeriepresse.dz\/?p=21073"},"modified":"2026-04-27T18:47:04","modified_gmt":"2026-04-27T17:47:04","slug":"situation-securitaire-au-mali-la-reaction-dalger","status":"publish","type":"post","link":"https:\/\/algeriepresse.dz\/?p=21073","title":{"rendered":"Situation s\u00e9curitaire au Mali:  La r\u00e9action d\u2019Alger"},"content":{"rendered":"<p>Le ministre d\u2019\u00c9tat, ministre des Affaires \u00e9trang\u00e8res et de la Communaut\u00e9 nationale \u00e0 l\u2019\u00e9tranger et des Affaires africaines, Ahmed Attaf, a r\u00e9it\u00e9r\u00e9, hier lundi, la position \u00ab claire et constante \u00bb de l\u2019Alg\u00e9rie en faveur de l\u2019unit\u00e9 du Mali, de son peuple et de ses institutions, tout en rejetant fermement toutes les formes de terrorisme.<\/p>\n<p>A l\u2019issue de sa rencontre avec son homologue de Bosnie-Herz\u00e9govine, Elmedin Konakovi\u0107, en visite officielle \u00e0 Alger, Attaf a \u00e9voqu\u00e9 les \u00ab d\u00e9veloppements graves \u00bb que conna\u00eet actuellement le Mali, rappelant que l\u2019Alg\u00e9rie, forte de son exp\u00e9rience douloureuse face au terrorisme dans les ann\u00e9es 1990, ne peut tol\u00e9rer ni justifier cette menace sous aucune forme.<br \/>\nDepuis le d\u00e9but de semaine, le pays est secou\u00e9 par une offensive conjointe de groupes jihadistes et de rebelles touaregs. Plusieurs villes strat\u00e9giques du nord et du centre, dont Kidal, Mopti et Gao, ont \u00e9t\u00e9 revendiqu\u00e9es par ces forces, tandis que la capitale Bamako a r\u00e9sist\u00e9 \u00e0 une attaque coordonn\u00e9e le 25 avril 2026. L\u2019arm\u00e9e malienne affirme garder le contr\u00f4le, mais la situation reste fragile.<br \/>\nM. Attaf a soulign\u00e9 que \u00ab la coh\u00e9sion nationale est le v\u00e9ritable bouclier contre le terrorisme \u00bb, insistant sur la n\u00e9cessit\u00e9 pour les Maliens de renforcer leurs liens internes afin de faire face aux menaces. Cette approche s\u2019inscrit dans la continuit\u00e9 de la m\u00e9diation alg\u00e9rienne men\u00e9e depuis des ann\u00e9es, notamment \u00e0 travers l\u2019Accord de paix d\u2019Alger de 2015, qui visait \u00e0 r\u00e9concilier Bamako et les groupes arm\u00e9s du nord.<br \/>\nL\u2019Alg\u00e9rie, qui partage une longue fronti\u00e8re avec le Mali, consid\u00e8re la stabilit\u00e9 de ce pays comme une priorit\u00e9 strat\u00e9gique pour la s\u00e9curit\u00e9 r\u00e9gionale malgr\u00e9 les incessantes attaques de la junte au pouvoir contre tout ce qui est Alg\u00e9rie ainsi que ses accointances suspectes avec le makhzen et le bras arm\u00e9 d\u2019Isra\u00ebl dans le monde arabe, les Emirats.<br \/>\nG. Salima<\/p>\n","protected":false},"excerpt":{"rendered":"<p>Le ministre d\u2019\u00c9tat, ministre des Affaires \u00e9trang\u00e8res et de la Communaut\u00e9 nationale \u00e0 l\u2019\u00e9tranger et des Affaires africaines, Ahmed Attaf, a r\u00e9it\u00e9r\u00e9, hier lundi, la position \u00ab claire et constante \u00bb de l\u2019Alg\u00e9rie en faveur de l\u2019unit\u00e9 du Mali, de son peuple et de ses institutions, tout en rejetant fermement toutes les formes de terrorisme. &hellip;<\/p>\n","protected":false},"author":2,"featured_media":21082,"comment_status":"closed","ping_status":"closed","sticky":false,"template":"","format":"standard","meta":{"footnotes":""},"categories":[4,5,28],"tags":[],"class_list":["post-21073","post","type-post","status-publish","format-standard","has-post-thumbnail","hentry","category-a-la-une","category-actualites","category-tie-world"],"_links":{"self":[{"href":"https:\/\/algeriepresse.dz\/index.php?rest_route=\/wp\/v2\/posts\/21073","targetHints":{"allow":["GET"]}}],"collection":[{"href":"https:\/\/algeriepresse.dz\/index.php?rest_route=\/wp\/v2\/posts"}],"about":[{"href":"https:\/\/algeriepresse.dz\/index.php?rest_route=\/wp\/v2\/types\/post"}],"author":[{"embeddable":true,"href":"https:\/\/algeriepresse.dz\/index.php?rest_route=\/wp\/v2\/users\/2"}],"replies":[{"embeddable":true,"href":"https:\/\/algeriepresse.dz\/index.php?rest_route=%2Fwp%2Fv2%2Fcomments&post=21073"}],"version-history":[{"count":1,"href":"https:\/\/algeriepresse.dz\/index.php?rest_route=\/wp\/v2\/posts\/21073\/revisions"}],"predecessor-version":[{"id":21083,"href":"https:\/\/algeriepresse.dz\/index.php?rest_route=\/wp\/v2\/posts\/21073\/revisions\/21083"}],"wp:featuredmedia":[{"embeddable":true,"href":"https:\/\/algeriepresse.dz\/index.php?rest_route=\/wp\/v2\/media\/21082"}],"wp:attachment":[{"href":"https:\/\/algeriepresse.dz\/index.php?rest_route=%2Fwp%2Fv2%2Fmedia&parent=21073"}],"wp:term":[{"taxonomy":"category","embeddable":true,"href":"https:\/\/algeriepresse.dz\/index.php?rest_route=%2Fwp%2Fv2%2Fcategories&post=21073"},{"taxonomy":"post_tag","embeddable":true,"href":"https:\/\/algeriepresse.dz\/index.php?rest_route=%2Fwp%2Fv2%2Ftags&post=21073"}],"curies":[{"name":"wp","href":"https:\/\/api.w.org\/{rel}","templated":true}]}}