{"id":21074,"date":"2026-04-27T18:45:52","date_gmt":"2026-04-27T17:45:52","guid":{"rendered":"https:\/\/algeriepresse.dz\/?p=21074"},"modified":"2026-04-27T18:45:52","modified_gmt":"2026-04-27T17:45:52","slug":"droits-des-personnes-agees-lalgerie-pionniere-dans-la-protection-des-seniors","status":"publish","type":"post","link":"https:\/\/algeriepresse.dz\/?p=21074","title":{"rendered":"Droits des personnes \u00e2g\u00e9es:  L\u2019Alg\u00e9rie pionni\u00e8re dans la protection des seniors"},"content":{"rendered":"<p>La directrice g\u00e9n\u00e9rale de la famille et de la coh\u00e9sion sociale au minist\u00e8re de la Solidarit\u00e9 nationale, de la Famille et de la Condition de la femme, L. A\u00efcha, a affirm\u00e9 hier lundi que l\u2019Alg\u00e9rie figure parmi les pays leaders de la r\u00e9gion arabe en mati\u00e8re de protection des personnes \u00e2g\u00e9es. \u00c0 l\u2019occasion de la Journ\u00e9e nationale du senior, elle a rappel\u00e9 les efforts continus d\u00e9ploy\u00e9s pour garantir la dignit\u00e9 et le bien-\u00eatre des a\u00een\u00e9s.<\/p>\n<p>Elle a rappel\u00e9 que l\u2019Alg\u00e9rie a \u00e9t\u00e9 parmi les premi\u00e8res \u00e0 adopter une loi sp\u00e9cifique, la loi n\u00b010-12 du 29 d\u00e9cembre 2010, consacr\u00e9e aux droits et \u00e0 la protection des personnes \u00e2g\u00e9es. Ce texte d\u00e9finit comme \u00ab senior \u00bb toute personne \u00e2g\u00e9e de 65 ans et plus, et pr\u00e9voit des m\u00e9canismes de prise en charge, notamment pour ceux d\u00e9pourvus de liens familiaux ou vivant dans des conditions pr\u00e9caires.<br \/>\nLa protection des seniors ne repose pas uniquement sur cette loi. Elle est renforc\u00e9e par d\u2019autres textes : la Constitution, qui garantit la protection sociale et sanitaire, le Code de la famille, qui oblige les enfants \u00e0 prendre soin de leurs parents, le Code p\u00e9nal, qui sanctionne la maltraitance ou la n\u00e9gligence, ainsi que la l\u00e9gislation sur la s\u00e9curit\u00e9 sociale, qui assure retraite et couverture m\u00e9dicale.<br \/>\nLe pays compte 32 centres r\u00e9partis sur 27 wilayas, destin\u00e9s \u00e0 accueillir les personnes \u00e2g\u00e9es isol\u00e9es. Ces structures offrent h\u00e9bergement permanent ou accueil de jour, soins m\u00e9dicaux, m\u00e9dicaments, soutien psychologique et activit\u00e9s de loisirs. Parall\u00e8lement, le minist\u00e8re encourage la r\u00e9insertion familiale gr\u00e2ce \u00e0 la m\u00e9diation sociale et au syst\u00e8me des \u00ab familles d\u2019accueil \u00bb, apr\u00e8s enqu\u00eate sociale, tout en valorisant l\u2019implication des bienfaiteurs et de la soci\u00e9t\u00e9 civile.<br \/>\nPour am\u00e9liorer les conditions de vie des seniors, une carte sp\u00e9ciale a \u00e9t\u00e9 instaur\u00e9e, donnant droit \u00e0 des avantages tels que la priorit\u00e9 dans les services publics (par exemple, exemption des files d\u2019attente dans les bureaux de poste). Une plateforme num\u00e9rique a \u00e9galement \u00e9t\u00e9 lanc\u00e9e pour signaler les cas de violence ou de n\u00e9gligence, renfor\u00e7ant ainsi leur protection.<br \/>\nDe son c\u00f4t\u00e9, le pr\u00e9sident de la Soci\u00e9t\u00e9 alg\u00e9rienne de g\u00e9riatrie, le professeur Mustapha Benamer a indiqu\u00e9, \u00e0 la Cha\u00eene 3 que \u00ab la prise en charge des seniors s&rsquo;est nettement am\u00e9lior\u00e9e ces derni\u00e8res ann\u00e9es \u00bb, affirmant que \u00ab \u00ab toute la l\u00e9gislation alg\u00e9rienne, toutes les structures de sant\u00e9 en Alg\u00e9rie, prennent en charge le sujet \u00e2g\u00e9. Il ne faudrait pas croire que la personne \u00e2g\u00e9e est n\u00e9glig\u00e9e en Alg\u00e9rie\u00bb.<br \/>\nBien au contraire, dira-t-il, \u00ab il y a tout un arsenal juridique qui nous incite \u00e0 respecter la personne \u00e2g\u00e9e. L&rsquo;introduction d&rsquo;un module de g\u00e9riatrie en sixi\u00e8me ann\u00e9e de m\u00e9decine constitue une avanc\u00e9e majeure. Elle permettra de former une nouvelle g\u00e9n\u00e9ration de m\u00e9decins. \u00bb<br \/>\nPar ailleurs, et \u00e0 l\u2019occasion de cette Journ\u00e9e, la ministre de la Solidarit\u00e9 nationale, de la Famille et de la Condition de la femme, Dr Soraya Mouloudji, a pr\u00e9sid\u00e9 hier une c\u00e9r\u00e9monie officielle o\u00f9 elle a insist\u00e9 sur la n\u00e9cessit\u00e9 de d\u00e9passer la logique traditionnelle de la prise en charge pour adopter une approche globale d\u2019int\u00e9gration sociale. Elle a affirm\u00e9 que le senior n\u2019est pas seulement une cat\u00e9gorie \u00e0 prot\u00e9ger, mais un acteur \u00e0 part enti\u00e8re dans la construction du tissu social.<br \/>\nM. Salah<\/p>\n","protected":false},"excerpt":{"rendered":"<p>La directrice g\u00e9n\u00e9rale de la famille et de la coh\u00e9sion sociale au minist\u00e8re de la Solidarit\u00e9 nationale, de la Famille et de la Condition de la femme, L. A\u00efcha, a affirm\u00e9 hier lundi que l\u2019Alg\u00e9rie figure parmi les pays leaders de la r\u00e9gion arabe en mati\u00e8re de protection des personnes \u00e2g\u00e9es. \u00c0 l\u2019occasion de la &hellip;<\/p>\n","protected":false},"author":2,"featured_media":21077,"comment_status":"closed","ping_status":"closed","sticky":false,"template":"","format":"standard","meta":{"footnotes":""},"categories":[4,5],"tags":[],"class_list":["post-21074","post","type-post","status-publish","format-standard","has-post-thumbnail","hentry","category-a-la-une","category-actualites"],"_links":{"self":[{"href":"https:\/\/algeriepresse.dz\/index.php?rest_route=\/wp\/v2\/posts\/21074","targetHints":{"allow":["GET"]}}],"collection":[{"href":"https:\/\/algeriepresse.dz\/index.php?rest_route=\/wp\/v2\/posts"}],"about":[{"href":"https:\/\/algeriepresse.dz\/index.php?rest_route=\/wp\/v2\/types\/post"}],"author":[{"embeddable":true,"href":"https:\/\/algeriepresse.dz\/index.php?rest_route=\/wp\/v2\/users\/2"}],"replies":[{"embeddable":true,"href":"https:\/\/algeriepresse.dz\/index.php?rest_route=%2Fwp%2Fv2%2Fcomments&post=21074"}],"version-history":[{"count":1,"href":"https:\/\/algeriepresse.dz\/index.php?rest_route=\/wp\/v2\/posts\/21074\/revisions"}],"predecessor-version":[{"id":21078,"href":"https:\/\/algeriepresse.dz\/index.php?rest_route=\/wp\/v2\/posts\/21074\/revisions\/21078"}],"wp:featuredmedia":[{"embeddable":true,"href":"https:\/\/algeriepresse.dz\/index.php?rest_route=\/wp\/v2\/media\/21077"}],"wp:attachment":[{"href":"https:\/\/algeriepresse.dz\/index.php?rest_route=%2Fwp%2Fv2%2Fmedia&parent=21074"}],"wp:term":[{"taxonomy":"category","embeddable":true,"href":"https:\/\/algeriepresse.dz\/index.php?rest_route=%2Fwp%2Fv2%2Fcategories&post=21074"},{"taxonomy":"post_tag","embeddable":true,"href":"https:\/\/algeriepresse.dz\/index.php?rest_route=%2Fwp%2Fv2%2Ftags&post=21074"}],"curies":[{"name":"wp","href":"https:\/\/api.w.org\/{rel}","templated":true}]}}