{"id":21084,"date":"2026-04-28T18:24:00","date_gmt":"2026-04-28T17:24:00","guid":{"rendered":"https:\/\/algeriepresse.dz\/?p=21084"},"modified":"2026-04-28T18:24:01","modified_gmt":"2026-04-28T17:24:01","slug":"huit-blesses-a-sidi-el-bachir-deux-bus-impliques-dans-un-accident","status":"publish","type":"post","link":"https:\/\/algeriepresse.dz\/?p=21084","title":{"rendered":"Huit bless\u00e9s \u00e0 Sidi El Bachir:  Deux bus impliqu\u00e9s dans un accident"},"content":{"rendered":"<p>Un accident de la circulation s\u2019est produit lundi apr\u00e8s-midi dans la wilaya d\u2019Oran, causant huit bless\u00e9s, selon les services de la protection civile. L\u2019accident, survenu \u00e0 proximit\u00e9 de la station-service de Sidi El Bachir, sur la route menant vers Gdyel, dans la commune de Bir El Djir, a impliqu\u00e9 un bus de transport des \u00e9tudiants et un minibus. Les victimes ont \u00e9t\u00e9 atteintes de blessures diverses, dont certaines au niveau de la t\u00eate pour trois d\u2019entre elles. Les \u00e9l\u00e9ments de la Protection civile, rapidement d\u00e9ploy\u00e9s sur les lieux, ont assur\u00e9 les premiers secours avant d\u2019\u00e9vacuer les bless\u00e9s vers les structures hospitali\u00e8res les plus proches. Les circonstances exactes de cet accident restent \u00e0 d\u00e9terminer. Une enqu\u00eate a \u00e9t\u00e9 ouverte \u00e0 cet effet.<br \/>\nF.A<\/p>\n","protected":false},"excerpt":{"rendered":"<p>Un accident de la circulation s\u2019est produit lundi apr\u00e8s-midi dans la wilaya d\u2019Oran, causant huit bless\u00e9s, selon les services de la protection civile. L\u2019accident, survenu \u00e0 proximit\u00e9 de la station-service de Sidi El Bachir, sur la route menant vers Gdyel, dans la commune de Bir El Djir, a impliqu\u00e9 un bus de transport des \u00e9tudiants &hellip;<\/p>\n","protected":false},"author":2,"featured_media":0,"comment_status":"closed","ping_status":"closed","sticky":false,"template":"","format":"standard","meta":{"footnotes":""},"categories":[4,6],"tags":[],"class_list":["post-21084","post","type-post","status-publish","format-standard","hentry","category-a-la-une","category-oran"],"_links":{"self":[{"href":"https:\/\/algeriepresse.dz\/index.php?rest_route=\/wp\/v2\/posts\/21084","targetHints":{"allow":["GET"]}}],"collection":[{"href":"https:\/\/algeriepresse.dz\/index.php?rest_route=\/wp\/v2\/posts"}],"about":[{"href":"https:\/\/algeriepresse.dz\/index.php?rest_route=\/wp\/v2\/types\/post"}],"author":[{"embeddable":true,"href":"https:\/\/algeriepresse.dz\/index.php?rest_route=\/wp\/v2\/users\/2"}],"replies":[{"embeddable":true,"href":"https:\/\/algeriepresse.dz\/index.php?rest_route=%2Fwp%2Fv2%2Fcomments&post=21084"}],"version-history":[{"count":1,"href":"https:\/\/algeriepresse.dz\/index.php?rest_route=\/wp\/v2\/posts\/21084\/revisions"}],"predecessor-version":[{"id":21090,"href":"https:\/\/algeriepresse.dz\/index.php?rest_route=\/wp\/v2\/posts\/21084\/revisions\/21090"}],"wp:attachment":[{"href":"https:\/\/algeriepresse.dz\/index.php?rest_route=%2Fwp%2Fv2%2Fmedia&parent=21084"}],"wp:term":[{"taxonomy":"category","embeddable":true,"href":"https:\/\/algeriepresse.dz\/index.php?rest_route=%2Fwp%2Fv2%2Fcategories&post=21084"},{"taxonomy":"post_tag","embeddable":true,"href":"https:\/\/algeriepresse.dz\/index.php?rest_route=%2Fwp%2Fv2%2Ftags&post=21084"}],"curies":[{"name":"wp","href":"https:\/\/api.w.org\/{rel}","templated":true}]}}