{"id":21086,"date":"2026-04-28T18:25:04","date_gmt":"2026-04-28T17:25:04","guid":{"rendered":"https:\/\/algeriepresse.dz\/?p=21086"},"modified":"2026-04-28T18:25:04","modified_gmt":"2026-04-28T17:25:04","slug":"algerie-bosnie-herzegovine-une-amitie-historique-consolidee","status":"publish","type":"post","link":"https:\/\/algeriepresse.dz\/?p=21086","title":{"rendered":"Alg\u00e9rie\/ Bosnie-Herz\u00e9govine : Une amiti\u00e9 historique consolid\u00e9e"},"content":{"rendered":"<p>Le ministre d\u2019\u00c9tat, ministre des Affaires \u00e9trang\u00e8res, de la Communaut\u00e9 nationale \u00e0 l\u2019\u00e9tranger et des Affaires africaines, Ahmed Attaf, a mis en avant lundi dernier le capital historique qui unit l\u2019Alg\u00e9rie et la Bosnie-Herz\u00e9govine, rappelant la volont\u00e9 des deux pays de transformer cette amiti\u00e9 traditionnelle en un partenariat strat\u00e9gique.<br \/>\nLa visite officielle du ministre bosnien des Affaires \u00e9trang\u00e8res, Elmedin Konakovi\u0107, co\u00efncide avec le 34e anniversaire de la reconnaissance par l\u2019Alg\u00e9rie de l\u2019ind\u00e9pendance de la Bosnie-Herz\u00e9govine, le 24 avril 1992. Attaf a rappel\u00e9 que l\u2019Alg\u00e9rie fut parmi les premiers pays \u00e0 reconna\u00eetre l\u2019\u00c9tat bosnien, avant m\u00eame son admission \u00e0 l\u2019ONU. Il a \u00e9galement \u00e9voqu\u00e9 le soutien apport\u00e9 par les peuples yougoslaves \u00e0 la R\u00e9volution alg\u00e9rienne, citant l\u2019exemple de Milan Basic, capitaine du navire Dina, qui avait achemin\u00e9 en 1955 une cargaison d\u2019armes et d\u2019\u00e9quipements militaires vers l\u2019Alg\u00e9rie en lutte pour son ind\u00e9pendance.<br \/>\nLes deux ministres ont pass\u00e9 en revue les opportunit\u00e9s de coop\u00e9ration dans des secteurs cl\u00e9s : \u00e9nergie, mines, industrie pharmaceutique, agriculture et startups. Attaf a propos\u00e9 la cr\u00e9ation d\u2019une commission gouvernementale mixte, d\u2019un conseil d\u2019affaires conjoint et l\u2019ouverture d\u2019une ambassade bosnienne \u00e0 Alger, apr\u00e8s l\u2019installation en 2022 de l\u2019ambassade alg\u00e9rienne \u00e0 Sarajevo. Un accord sur la formation diplomatique a \u00e9t\u00e9 sign\u00e9, renfor\u00e7ant l\u2019\u00e9change d\u2019expertises entre les deux pays.<br \/>\nLe ministre alg\u00e9rien a insist\u00e9 sur l\u2019importance du volet humain, en valorisant les liens historiques et culturels \u00e0 travers des programmes de jumelage, le d\u00e9veloppement du tourisme, de l\u2019enseignement sup\u00e9rieur et des \u00e9changes m\u00e9diatiques. Konakovi\u0107 a salu\u00e9 l\u2019Alg\u00e9rie comme un \u00ab partenaire cl\u00e9 \u00bb en Afrique du Nord et une porte d\u2019acc\u00e8s vers les march\u00e9s africains.<br \/>\nLes deux parties ont \u00e9chang\u00e9 sur les crises r\u00e9gionales et internationales, notamment au Moyen-Orient, dans le Golfe et en Ukraine. Attaf a soulign\u00e9 que l\u2019Alg\u00e9rie et la Bosnie-Herz\u00e9govine, issues de r\u00e9gions marqu\u00e9es par les conflits \u2013 le Sahel et les Balkans \u2013, partagent une volont\u00e9 commune de contribuer \u00e0 la stabilit\u00e9 et \u00e0 la s\u00e9curit\u00e9.<br \/>\nM. Salah<\/p>\n","protected":false},"excerpt":{"rendered":"<p>Le ministre d\u2019\u00c9tat, ministre des Affaires \u00e9trang\u00e8res, de la Communaut\u00e9 nationale \u00e0 l\u2019\u00e9tranger et des Affaires africaines, Ahmed Attaf, a mis en avant lundi dernier le capital historique qui unit l\u2019Alg\u00e9rie et la Bosnie-Herz\u00e9govine, rappelant la volont\u00e9 des deux pays de transformer cette amiti\u00e9 traditionnelle en un partenariat strat\u00e9gique. La visite officielle du ministre bosnien &hellip;<\/p>\n","protected":false},"author":2,"featured_media":0,"comment_status":"closed","ping_status":"closed","sticky":false,"template":"","format":"standard","meta":{"footnotes":""},"categories":[4,5],"tags":[],"class_list":["post-21086","post","type-post","status-publish","format-standard","hentry","category-a-la-une","category-actualites"],"_links":{"self":[{"href":"https:\/\/algeriepresse.dz\/index.php?rest_route=\/wp\/v2\/posts\/21086","targetHints":{"allow":["GET"]}}],"collection":[{"href":"https:\/\/algeriepresse.dz\/index.php?rest_route=\/wp\/v2\/posts"}],"about":[{"href":"https:\/\/algeriepresse.dz\/index.php?rest_route=\/wp\/v2\/types\/post"}],"author":[{"embeddable":true,"href":"https:\/\/algeriepresse.dz\/index.php?rest_route=\/wp\/v2\/users\/2"}],"replies":[{"embeddable":true,"href":"https:\/\/algeriepresse.dz\/index.php?rest_route=%2Fwp%2Fv2%2Fcomments&post=21086"}],"version-history":[{"count":1,"href":"https:\/\/algeriepresse.dz\/index.php?rest_route=\/wp\/v2\/posts\/21086\/revisions"}],"predecessor-version":[{"id":21093,"href":"https:\/\/algeriepresse.dz\/index.php?rest_route=\/wp\/v2\/posts\/21086\/revisions\/21093"}],"wp:attachment":[{"href":"https:\/\/algeriepresse.dz\/index.php?rest_route=%2Fwp%2Fv2%2Fmedia&parent=21086"}],"wp:term":[{"taxonomy":"category","embeddable":true,"href":"https:\/\/algeriepresse.dz\/index.php?rest_route=%2Fwp%2Fv2%2Fcategories&post=21086"},{"taxonomy":"post_tag","embeddable":true,"href":"https:\/\/algeriepresse.dz\/index.php?rest_route=%2Fwp%2Fv2%2Ftags&post=21086"}],"curies":[{"name":"wp","href":"https:\/\/api.w.org\/{rel}","templated":true}]}}