{"id":21087,"date":"2026-04-28T18:27:51","date_gmt":"2026-04-28T17:27:51","guid":{"rendered":"https:\/\/algeriepresse.dz\/?p=21087"},"modified":"2026-04-28T18:27:51","modified_gmt":"2026-04-28T17:27:51","slug":"souverainete-sanitaire-nationale-production-maitrise-et-valorisation","status":"publish","type":"post","link":"https:\/\/algeriepresse.dz\/?p=21087","title":{"rendered":"Souverainet\u00e9 sanitaire nationale:  Production, ma\u00eetrise et valorisation"},"content":{"rendered":"<p>Le ministre de la Sant\u00e9, Mohamed Seddik A\u00eft Messaoudene, a rappel\u00e9 lundi que la souverainet\u00e9 sanitaire nationale ne se limite pas \u00e0 la production locale de m\u00e9dicaments, mais inclut \u00e9galement la ma\u00eetrise des circuits de distribution et la valorisation des comp\u00e9tences des professionnels, notamment les pharmaciens.<br \/>\nLors de la 19e conf\u00e9rence pharmaceutique nationale du SNAPO, il a soulign\u00e9 que la pharmacie alg\u00e9rienne se trouve \u00e0 l\u2019or\u00e9e d\u2019une nouvelle \u00e9tape. Le pharmacien est d\u00e9sormais un acteur central du syst\u00e8me de sant\u00e9, partenaire cl\u00e9 dans la pr\u00e9vention, le traitement et l\u2019orientation des patients.<br \/>\nLe ministre a insist\u00e9 sur l\u2019\u00e9largissement des missions du pharmacien face aux d\u00e9fis actuels : rationalisation de la consommation des m\u00e9dicaments, lutte contre l\u2019autom\u00e9dication incontr\u00f4l\u00e9e, pr\u00e9vention des addictions aux psychotropes et renforcement de l\u2019\u00e9ducation sanitaire. Les pharmaciens sont \u00e9galement appel\u00e9s \u00e0 participer activement aux campagnes de d\u00e9pistage et de pr\u00e9vention.<br \/>\nIl a plaid\u00e9 pour des r\u00e9formes structurelles : renforcement du cadre juridique, num\u00e9risation de l\u2019activit\u00e9 pharmaceutique, modernisation des m\u00e9thodes de gestion et meilleure int\u00e9gration des professionnels de sant\u00e9 dans un processus coordonn\u00e9. Pour lui, b\u00e2tir un mod\u00e8le pharmaceutique moderne constitue un investissement strat\u00e9gique dans la sant\u00e9 du citoyen et une \u00e9tape cl\u00e9 pour un syst\u00e8me r\u00e9silient capable de faire face aux crises. Enfin, il a appel\u00e9 \u00e0 une mobilisation collective des autorit\u00e9s publiques, des organismes professionnels et des pharmaciens, dans une approche participative fond\u00e9e sur la coordination et la compl\u00e9mentarit\u00e9, afin de consolider la place du pharmacien dans le syst\u00e8me de sant\u00e9. T. Feriel<\/p>\n","protected":false},"excerpt":{"rendered":"<p>Le ministre de la Sant\u00e9, Mohamed Seddik A\u00eft Messaoudene, a rappel\u00e9 lundi que la souverainet\u00e9 sanitaire nationale ne se limite pas \u00e0 la production locale de m\u00e9dicaments, mais inclut \u00e9galement la ma\u00eetrise des circuits de distribution et la valorisation des comp\u00e9tences des professionnels, notamment les pharmaciens. Lors de la 19e conf\u00e9rence pharmaceutique nationale du SNAPO, &hellip;<\/p>\n","protected":false},"author":2,"featured_media":0,"comment_status":"closed","ping_status":"closed","sticky":false,"template":"","format":"standard","meta":{"footnotes":""},"categories":[4,5],"tags":[],"class_list":["post-21087","post","type-post","status-publish","format-standard","hentry","category-a-la-une","category-actualites"],"_links":{"self":[{"href":"https:\/\/algeriepresse.dz\/index.php?rest_route=\/wp\/v2\/posts\/21087","targetHints":{"allow":["GET"]}}],"collection":[{"href":"https:\/\/algeriepresse.dz\/index.php?rest_route=\/wp\/v2\/posts"}],"about":[{"href":"https:\/\/algeriepresse.dz\/index.php?rest_route=\/wp\/v2\/types\/post"}],"author":[{"embeddable":true,"href":"https:\/\/algeriepresse.dz\/index.php?rest_route=\/wp\/v2\/users\/2"}],"replies":[{"embeddable":true,"href":"https:\/\/algeriepresse.dz\/index.php?rest_route=%2Fwp%2Fv2%2Fcomments&post=21087"}],"version-history":[{"count":1,"href":"https:\/\/algeriepresse.dz\/index.php?rest_route=\/wp\/v2\/posts\/21087\/revisions"}],"predecessor-version":[{"id":21100,"href":"https:\/\/algeriepresse.dz\/index.php?rest_route=\/wp\/v2\/posts\/21087\/revisions\/21100"}],"wp:attachment":[{"href":"https:\/\/algeriepresse.dz\/index.php?rest_route=%2Fwp%2Fv2%2Fmedia&parent=21087"}],"wp:term":[{"taxonomy":"category","embeddable":true,"href":"https:\/\/algeriepresse.dz\/index.php?rest_route=%2Fwp%2Fv2%2Fcategories&post=21087"},{"taxonomy":"post_tag","embeddable":true,"href":"https:\/\/algeriepresse.dz\/index.php?rest_route=%2Fwp%2Fv2%2Ftags&post=21087"}],"curies":[{"name":"wp","href":"https:\/\/api.w.org\/{rel}","templated":true}]}}