{"id":21088,"date":"2026-04-28T18:29:06","date_gmt":"2026-04-28T17:29:06","guid":{"rendered":"https:\/\/algeriepresse.dz\/?p=21088"},"modified":"2026-04-28T18:29:06","modified_gmt":"2026-04-28T17:29:06","slug":"disparition-de-manon-relandeau-son-conjoint-interpelle-en-algerie","status":"publish","type":"post","link":"https:\/\/algeriepresse.dz\/?p=21088","title":{"rendered":"Disparition de Manon Relandeau :  Son conjoint interpell\u00e9 en Alg\u00e9rie"},"content":{"rendered":"<p>Le conjoint de Manon Relandeau, disparue depuis la fin du mois de mars en Loire-Atlantique, a \u00e9t\u00e9 interpell\u00e9 en Alg\u00e9rie. Il est consid\u00e9r\u00e9 comme le principal suspect dans cette affaire qui a conduit le parquet de Nantes \u00e0 ouvrir une enqu\u00eate pour \u00ab meurtre par conjoint \u00bb et \u00ab enl\u00e8vement de mineur \u00bb.<br \/>\nLa jeune femme de 31 ans n\u2019a plus donn\u00e9 signe de vie depuis le 3 avril. Son compagnon avait quitt\u00e9 la France le 2 avril avec leur fille, Inaya, \u00e2g\u00e9e de 15 mois, \u00e0 destination de l\u2019Alg\u00e9rie. Un mandat d\u2019arr\u00eat international avait \u00e9t\u00e9 \u00e9mis \u00e0 son encontre.<br \/>\nSelon le parquet, l\u2019homme de 41 ans a \u00e9t\u00e9 arr\u00eat\u00e9 par les services de police alg\u00e9riens alors qu\u2019il se trouvait avec sa fille. Les enqu\u00eateurs cherchent d\u00e9sormais \u00e0 d\u00e9terminer les circonstances exactes de la disparition et \u00e0 \u00e9tablir si une extradition vers la France pourra \u00eatre envisag\u00e9e.<br \/>\nD\u2019apr\u00e8s les informations de Presse Oc\u00e9an, le suspect s\u2019\u00e9tait d\u2019abord rendu \u00e0 Dely Ibrahim, \u00e0 l\u2019ouest d\u2019Alger, avant de retourner \u00e0 proximit\u00e9 d\u2019El Affroun, dans la wilaya de Blida, la ville dont il est originaire, situ\u00e9e au sud d\u2019Alger.<br \/>\nDeux personnes ont \u00e9t\u00e9 mises en examen pour \u00ab association de malfaiteurs \u00bb, soup\u00e7onn\u00e9es d\u2019avoir aid\u00e9 le suspect \u00e0 rejoindre l\u2019a\u00e9roport de Nantes avec son enfant. Cette aide pr\u00e9sum\u00e9e \u00e0 la fuite est d\u00e9sormais au c\u0153ur des investigations.<br \/>\nLes proches de Manon Relandeau craignent le pire. Selon Ouest-France, la jeune femme avait pris contact avec Citad\u2019elles, le centre d\u2019accueil des victimes de violences familiales de Nantes, peu avant sa disparition. Un rendez-vous y avait \u00e9t\u00e9 fix\u00e9, renfor\u00e7ant les soup\u00e7ons d\u2019un contexte de violences conjugales. G.S<\/p>\n","protected":false},"excerpt":{"rendered":"<p>Le conjoint de Manon Relandeau, disparue depuis la fin du mois de mars en Loire-Atlantique, a \u00e9t\u00e9 interpell\u00e9 en Alg\u00e9rie. Il est consid\u00e9r\u00e9 comme le principal suspect dans cette affaire qui a conduit le parquet de Nantes \u00e0 ouvrir une enqu\u00eate pour \u00ab meurtre par conjoint \u00bb et \u00ab enl\u00e8vement de mineur \u00bb. La jeune &hellip;<\/p>\n","protected":false},"author":2,"featured_media":21101,"comment_status":"closed","ping_status":"closed","sticky":false,"template":"","format":"standard","meta":{"footnotes":""},"categories":[4,5],"tags":[],"class_list":["post-21088","post","type-post","status-publish","format-standard","has-post-thumbnail","hentry","category-a-la-une","category-actualites"],"_links":{"self":[{"href":"https:\/\/algeriepresse.dz\/index.php?rest_route=\/wp\/v2\/posts\/21088","targetHints":{"allow":["GET"]}}],"collection":[{"href":"https:\/\/algeriepresse.dz\/index.php?rest_route=\/wp\/v2\/posts"}],"about":[{"href":"https:\/\/algeriepresse.dz\/index.php?rest_route=\/wp\/v2\/types\/post"}],"author":[{"embeddable":true,"href":"https:\/\/algeriepresse.dz\/index.php?rest_route=\/wp\/v2\/users\/2"}],"replies":[{"embeddable":true,"href":"https:\/\/algeriepresse.dz\/index.php?rest_route=%2Fwp%2Fv2%2Fcomments&post=21088"}],"version-history":[{"count":1,"href":"https:\/\/algeriepresse.dz\/index.php?rest_route=\/wp\/v2\/posts\/21088\/revisions"}],"predecessor-version":[{"id":21102,"href":"https:\/\/algeriepresse.dz\/index.php?rest_route=\/wp\/v2\/posts\/21088\/revisions\/21102"}],"wp:featuredmedia":[{"embeddable":true,"href":"https:\/\/algeriepresse.dz\/index.php?rest_route=\/wp\/v2\/media\/21101"}],"wp:attachment":[{"href":"https:\/\/algeriepresse.dz\/index.php?rest_route=%2Fwp%2Fv2%2Fmedia&parent=21088"}],"wp:term":[{"taxonomy":"category","embeddable":true,"href":"https:\/\/algeriepresse.dz\/index.php?rest_route=%2Fwp%2Fv2%2Fcategories&post=21088"},{"taxonomy":"post_tag","embeddable":true,"href":"https:\/\/algeriepresse.dz\/index.php?rest_route=%2Fwp%2Fv2%2Ftags&post=21088"}],"curies":[{"name":"wp","href":"https:\/\/api.w.org\/{rel}","templated":true}]}}